{"id":36,"date":"2019-10-29T01:14:08","date_gmt":"2019-10-29T01:14:08","guid":{"rendered":"https:\/\/aladeriva.bluezone.mx\/index.php\/2019\/10\/29\/sobre-una-cucaracha-que-observa-las-estrellas\/"},"modified":"2023-04-02T18:35:52","modified_gmt":"2023-04-02T18:35:52","slug":"sobre-una-cucaracha-que-observa-las-estrellas","status":"publish","type":"post","link":"https:\/\/aladeriva.bluezone.mx\/index.php\/2019\/10\/29\/sobre-una-cucaracha-que-observa-las-estrellas\/","title":{"rendered":"Sobre una cucaracha que observa las estrellas."},"content":{"rendered":"<figure class=\"tmblr-full\" data-orig-height=\"274\" data-orig-width=\"810\"><img decoding=\"async\" src=\"https:\/\/64.media.tumblr.com\/a757b895caceb96fab8ee272f53e8c36\/105c94f02c240e09-85\/s540x810\/5d11d05755ed5ee15ff218a2469442b2ccedd5c5.png\" data-orig-height=\"274\" data-orig-width=\"810\" \/><\/figure>\n<p>Buscar \u00abkafkiano\u00bb en el diccionario de la RAE<br \/>\narroja tres resultados, pero el que ata\u00f1e a esta entrada del blog es:<br \/>\n\u00abDicho de una situaci\u00f3n. Absurda, angustiosa\u00bb, haciendo referencia al<br \/>\nmomento en el que Gregorio Samsa se despierta convertido en un insecto<br \/>\ny, tras un an\u00e1lisis del entorno, llega a la conclusi\u00f3n de que sigue<br \/>\nsiendo \u00e9l mismo \u2014he de admitir que, hasta donde recuerdo, no he le\u00eddo La Metamorfosis.<\/p>\n<p>Investigando, tambi\u00e9n me top\u00e9 con un video de Noah Tavlin, <a href=\"https:\/\/www.youtube.com\/watch?v=wkPR4Rcf4ww\" target=\"_blank\" rel=\"noopener\">una pl\u00e1tica para TED-Ed<\/a>, en la que ahonda en el tema y en correcto uso del t\u00e9rmino \u00abkafkiano\u00bb \u00a0\u2014un correcto uso desde su interpretaci\u00f3n. <\/p>\n<p>Para lo que pienso escribir, me tomar\u00e9 ciertas libertades al momento<br \/>\nde usar la palabra: me acercar\u00e9 a ella del modo en el que yo la entend\u00ed,<br \/>\n en el momento en el que la conoc\u00ed y me la explicaron. A partir de all\u00ed,<br \/>\n hablar\u00e9 del sinsentido del mundo en el que vivimos. No pretendo llegar a<br \/>\n nada particular con estas palabras, pero si durante el desarrollo hay<br \/>\nuna conclusi\u00f3n, me dar\u00e9 por bien servido.<\/p>\n<p><!-- more --><\/p>\n<h2>\n<b>Parte I: El existencialismo c\u00f3smico o \u00abno le debemos cuentas al universo.\u00bb <br \/><\/b><\/h2>\n<p>Primero me gustar\u00eda hablar sobre lo que mi mejor amigo llama el existencialismo c\u00f3smico<br \/>\n \u2014a m\u00ed todav\u00eda me gusta pensar que es un t\u00e9rmino inventado por \u00e9l, y si<br \/>\nno es de ese modo, para m\u00ed seguir\u00e1 siendo as\u00ed y m\u00e1s adelante tendr\u00e1<br \/>\nsentido el porqu\u00e9\u2014: cuando siento mucho estr\u00e9s, preocupaci\u00f3n, tristeza<br \/>\no, en realidad, cualquier emoci\u00f3n negativa, subo a lo m\u00e1s alto de alg\u00fan<br \/>\nedificio y miro el cielo y todo lo que me rodea, para comprender cu\u00e1n<br \/>\npeque\u00f1o soy, cu\u00e1n peque\u00f1as son mis preocupaciones y cu\u00e1n grande es lo<br \/>\ndem\u00e1s. Sentirse peque\u00f1o ante el universo ayuda a poner las situaciones<br \/>\nen perspectiva. Ayuda a que la mentalidad d\u00e9 un giro.<\/p>\n<p>Hace tiempo, estaba en la universidad, platicando sobre lo que sea<br \/>\nque suelen platicar los universitarios enamorados. Sin gran aviso, algo<br \/>\nse present\u00f3: un mensaje que, en su momento, pareci\u00f3 sumamente relevante<br \/>\n\u2014un mensaje que ni siquiera era para m\u00ed y que ahora ya no veo tan<br \/>\nimportante. Me levant\u00e9 de la mesa sin decir nada, camin\u00e9 hacia la<br \/>\nfacultad y sub\u00ed hasta la planta m\u00e1s alta. Sab\u00eda que no cerraban una de<br \/>\nlas puertas que da a la azotea, as\u00ed que fui hacia ella y sal\u00ed. Camin\u00e9<br \/>\nhasta la barandilla, mir\u00e9 el cielo y el paisaje, me coloqu\u00e9 los<br \/>\naud\u00edfonos y escuch\u00e9 \u201cLove Like This\u201d de Kodaline, una banda que en ese<br \/>\nentonces comenzaba a conocer y que me acompa\u00f1\u00f3 durante toda una etapa. <\/p>\n<p>Estar all\u00ed, ante lo que mi mirada alcanzaba a apreciar, adem\u00e1s de<br \/>\nsaberme lejos del mundo, me tranquiliz\u00f3. La canci\u00f3n me hizo sonre\u00edr.<br \/>\nBaj\u00e9 y volv\u00ed a la mesa. Es algo que hac\u00eda con frecuencia, pero una de<br \/>\nlas personas que me acompa\u00f1aba no lo sab\u00eda. La explicaci\u00f3n que le dieron<br \/>\n fue algo similar a: \u00abSuele hacer eso. Ya me acostumbr\u00e9\u00bb.<\/p>\n<p>El existencialismo c\u00f3smico: Nadie mejor que los personajes de mi<br \/>\nmejor amigo para explicarlo \u2014antes, un poco de contexto: Liz acaba de<br \/>\nllegar a casa de Mari, donde hay una reuni\u00f3n; Liz quer\u00eda hablar con<br \/>\nMari, y no se esperaba a m\u00e1s personas, pero pasa a la casa y se une a la<br \/>\n conversaci\u00f3n que est\u00e1n manteniendo; Mari los presenta, en la casa hay<br \/>\nm\u00fasica; LuisDa resuelve un cubo de rubik; Mari se recuesta sobre Beto.<\/p>\n<blockquote>\n<p><i>LUISDA<br \/>Pero es reconfortante, \u00bfno? Somos tan insignificantes que al universo no le importa si hacemos algo o no lo hacemos.<\/p>\n<p>BETO<br \/>Y, entonces, \u00bfcu\u00e1l es el punto de hacer algo?<\/p>\n<p>MARI<br \/>S\u00ed, o sea, es m\u00e1s f\u00e1cil decir que eres nihilista y mandar todo al carajo.<\/p>\n<p>LUISDA<br \/>No,<br \/>\n no, no. Es Existencialismo C\u00f3smico. No le debemos cuentas al universo,<br \/>\nas\u00ed que \u00bfpor qu\u00e9 no hemos de dedicarnos a buscar nuestra propia<br \/>\nfelicidad?<\/p>\n<p>MARI<br \/>\u00a1Existencialismo c\u00f3smico! No sabes lo que est\u00e1s diciendo. Kierkegaard se est\u00e1 retorciendo en su tumba.<\/i><\/p>\n<\/blockquote>\n<p>Luego de esto, Gaby se une a la pel\u00edcula. Pero esa es otra historia,<br \/>\nuna que planeaba agregar a esta entrada, antes de descubrir que todav\u00eda<br \/>\nno est\u00e1 lista. Tal vez en alg\u00fan momento la a\u00f1ada. Pero, mientras eso<br \/>\nsucede: Gracias K. por dejarme usar esta parte del guion. S\u00e9 lo que<br \/>\nsientes por esta historia.<\/p>\n<p>Ya encaminados, el existencialismo c\u00f3smico lo podemos definir como<br \/>\nesa \u00a0necesidad de sentirse peque\u00f1o ante el universo, las ganas de darnos<br \/>\n \u00a0cuenta de que al cosmos no le importa lo que hagamos; o, tal vez, la<br \/>\ncomprensi\u00f3n de esto mismo, m\u00e1s que un deseo activo de experimentarlo.<br \/>\nSomos polvo en el polvo, una parte infinitesimal en el tejido de la<br \/>\nmateria, la antimateria y todo lo que no conocemos a\u00fan. Nada en la nada,<br \/>\n por as\u00ed decirlo. Aunque no por eso somos un sinsentido irremediable. Y<br \/>\npara all\u00e1 vamos.<\/p>\n<p>El universo no espera.<\/p>\n<figure data-orig-width=\"1024\" data-orig-height=\"347\" class=\"tmblr-full\"><img decoding=\"async\" src=\"https:\/\/64.media.tumblr.com\/d5daf8081b988c8d86cd1a0ccab6ee23\/105c94f02c240e09-42\/s540x810\/6bf911e9b2c5544e033e42659407c72bcde3f5fc.png\" alt=\"image\" data-orig-width=\"1024\" data-orig-height=\"347\" \/><\/figure>\n<h2>\n<b>Parte II: Un momento muy kafkiano (y una historia que no te ha sucedido) <br \/><\/b><\/h2>\n<p><i>Est\u00e1s un tanto perdido y alguien te llama y te saluda. Te<br \/>\npresentas y te dice que ya te conoce, porque escuch\u00f3 tu nombre y lo que<br \/>\nhaces cuando se hicieron las presentaciones correspondientes, hace un<br \/>\nrato. Te dice que no es un adivino. T\u00fa le dices que ser\u00eda una situaci\u00f3n<br \/>\nextra\u00f1a \u2014o al menos, mientras lo escribes, recuerdas haberle dicho algo<br \/>\nas\u00ed\u2014, a lo que responde que s\u00ed, y que es una situaci\u00f3n muy kafkiana. <\/i><\/p>\n<p><i>Esta persona me explic\u00f3 una situaci\u00f3n kafkiana como aquel momento que<br \/>\n parece fant\u00e1stico, irracional, pero que tiene una explicaci\u00f3n l\u00f3gica,<br \/>\nuna vez que se analiza con detenimiento. Y tiene sentido con la<br \/>\nexperiencia de Gregorio Samsa: una vez que descubre que las cosas est\u00e1n<br \/>\ncomo las dej\u00f3 la noche anterior, que el mundo que \u00e9l conoce sigue siendo<br \/>\n como recuerda, da por hecho que es \u00e9l mismo. Entonces, la realidad<br \/>\ntiene sentido. La tiene porque \u00e9l se la dio. Hay una l\u00f3gica, hasta<br \/>\ncierto punto.<\/i><\/p>\n<p><i>Hablar sobre este momento kafkiano deriv\u00f3 en una charla sobre c\u00f3mo la<br \/>\n realidad en la que vivimos, y con ella los momentos que experimentamos,<br \/>\n solo tienen sentido cuando nosotros se lo damos, y que la felicidad no<br \/>\nla podemos otorgar. No importa cu\u00e1nto lo intentes, si la persona a la<br \/>\nque con tantas ganas quieres hacer feliz, no tiene en sus planes serlo,<br \/>\njam\u00e1s lograr\u00e1s tu cometido. Y no ser\u00e1 culpa tuya.<\/i><\/p>\n<p><i>Est\u00e1s en una cafeter\u00eda, sentado, sentada, leyendo. En el aire<br \/>\nflotan el aroma del caf\u00e9 americano que tienes frente a ti y del que<br \/>\nbebes un sorbo. Haces una mueca: te preguntas por qu\u00e9 est\u00e1s tomando algo<br \/>\n caliente si hacen como treinta grados. Recuerdas que no pasaste la<br \/>\nmejor de las noches y que necesitas mantenerte alerta durante el d\u00eda.<br \/>\nTiene sentido, aunque podr\u00edas haber pedido caf\u00e9 helado. No te gusta,<br \/>\nclaro.<\/i><\/p>\n<p><i>Percibes el perfume de la lavanda, porque esas flores adornan las<br \/>\n mesas; las mantienen en floreros de cristal, pero no sirve de mucho con<br \/>\n el calor que est\u00e1 haciendo. El hielo en el florero de las tuyas ya casi<br \/>\n se derrite por completo. Huele a pan caliente, a t\u00e9 de manzanilla y hay<br \/>\n un aroma m\u00e1s que te recuerda a tu infancia, pero que no terminas de<br \/>\nidentificar. \u00bfAlmendra? Tu memoria olfativa no es muy buena.<\/i><\/p>\n<p><i>Escuchas el ventilador que la cajera tiene sobre la registradora,<br \/>\n el tr\u00e1fico de afuera, denso, pues es viernes, y por las bocinas de la<br \/>\ncafeter\u00eda suena una canci\u00f3n desconocida, pero con un ritmo que te gusta;<br \/>\n tambi\u00e9n percibes la m\u00fasica que se desborda de los aud\u00edfonos que tiene<br \/>\npuestos la persona que est\u00e1 sentada cerca de ti, a la izquierda. Est\u00e1<br \/>\nescuchando una versi\u00f3n de \u201cNature Boy\u201d cantada por una mujer. No<br \/>\nconoc\u00edas esa versi\u00f3n, mas s\u00ed la de David Bowie para \u201cMoulin Rouge\u201d y por<br \/>\n eso sabes de qu\u00e9 canci\u00f3n se trata. Te preguntas c\u00f3mo es que esa persona<br \/>\n no se ha quedado sorda, aunque te dices que tal vez ya haya disminuido<br \/>\nsu capacidad auditiva. Puedes escuchar claramente cuando la voz femenina<br \/>\n dice \u201cthe greatest thing you\u2019ll ever learn is to love and be loved in<br \/>\nreturn\u201d.<\/i><\/p>\n<p><i>Entra esta persona. Volteas porque escuchas la campanilla de la<br \/>\nentrada y porque, de todos modos, ya has perdido todo el inter\u00e9s en lo<br \/>\nque estabas leyendo. No es tan bueno, y nunca has podido leer en<br \/>\ncafeter\u00edas. Tal vez est\u00e1s all\u00ed solo porque as\u00ed lo hacen en las pel\u00edculas<br \/>\n y en ellas parece funcionar.<\/i><\/p>\n<p><i>La persona que entra lleva puesto un su\u00e9ter verde tejido, amplio.<br \/>\n Te dices que, para la talla, tal vez no es suyo, o le gusta usar<br \/>\nprendas grandes y adem\u00e1s, calurosas. Sigues a la persona con la mirada.<br \/>\nCuando llega a la barra, la cajera est\u00e1 hablando con su compa\u00f1era y no<br \/>\nle presta atenci\u00f3n hasta que la persona vuelve a llamarla. Pide lo mismo<br \/>\n que t\u00fa: un caf\u00e9 americano bien cargado. Sientes que ya hab\u00edas vivido<br \/>\nesta situaci\u00f3n: d\u00e9j\u00e0 vu.<\/i><\/p>\n<p><i>La persona paga y le dicen que en un momento estar\u00e1 su caf\u00e9. Va y<br \/>\n se sienta en la mesa que est\u00e1 frente a ti, no d\u00e1ndote la espalda.<br \/>\nPuedes ver que de su mochila saca lo mismo que t\u00fa est\u00e1s leyendo. A la<br \/>\npar, la canci\u00f3n de la cafeter\u00eda cambia a la versi\u00f3n de \u201cNature Boy\u201d<br \/>\ncantada por Bowie. Dicen un nombre, el de la persona que acaba de<br \/>\nllegar. No han pasado ni diez segundos desde que se sent\u00f3. Alza la<br \/>\nmirada y alguien m\u00e1s llega a la barra y toma la bebida, que es un<br \/>\nfrappuccino. La persona vuelve la cabeza hacia lo que est\u00e1 a punto de<br \/>\ncomenzar a leer. T\u00fa no puedes con la cantidad de coincidencias del<br \/>\nmomento.<\/i><\/p>\n<p>A mi entender, eso es una escena kafkiana \u2014bastante exagerada, claro.<br \/>\n Debe haber una explicaci\u00f3n para cada coincidencia. \u00bfEfecto mariposa?<\/p>\n<p>(La historia que le\u00edste arriba, iba a estar basada en un hecho real,<br \/>\nque para m\u00ed es uno de los ejemplos m\u00e1s maravillosos que existen para<br \/>\nhablar de coincidencia o destino. Ya no fue as\u00ed, porque me llevar\u00eda<br \/>\nmucho tiempo narrarlo. Si para cuando leas esto ya la escrib\u00ed, puedes<br \/>\nencontrarla dando clic aqu\u00ed. Si no, habr\u00e1 que seguir adelante. Todav\u00eda<br \/>\nhay camino que recorrer).<\/p>\n<p>Es a partir de este punto que comenzar\u00e9 a meterme con temas (m\u00e1s)<br \/>\ndebatibles. No me atrever\u00e9 a afirmar que lo que leer\u00e1s a continuaci\u00f3n es<br \/>\n la verdad absoluta, porque, en realidad, nadie puede asegurar tal cosa,<br \/>\n sobre casi nada. Puedes detenerte aqu\u00ed y quedarte con el<br \/>\nexistencialismo c\u00f3smico, buscar tu felicidad ahora que sabes que al<br \/>\nuniverso no le importa, sonre\u00edr y no preocuparte por lo que no puedes<br \/>\ncontrolar. A partir de ahora, hablar\u00e9 entre suposiciones y conocimientos<br \/>\n a medias. Si\u00e9ntete libre de debatir o contradecir con un comentario. \u00a0<br \/>\nToda s\u00edntesis necesita una tesis y una ant\u00edtesis.<\/p>\n<p>Ya <i>El Principito<\/i> nos advierte que a los adultos les encantan<br \/>\n los datos espec\u00edficos, los n\u00fameros, lo comprobable. Lamento \u2014o quiz\u00e1<br \/>\nno\u2014 \u00a0no tenerlos o desconocerlo al momento de escribir esto.<\/p>\n<figure data-orig-width=\"1024\" data-orig-height=\"347\" class=\"tmblr-full\"><img decoding=\"async\" src=\"https:\/\/64.media.tumblr.com\/304cd672adc17d80606ec1f30e68b2bd\/105c94f02c240e09-27\/s540x810\/4a85d4c7543e40591c3bd9ae3f9b4a88e888ced2.png\" alt=\"image\" data-orig-width=\"1024\" data-orig-height=\"347\" \/><\/figure>\n<h2>\n<b>Parte III: El Sinsentido que, en<br \/>\nrealidad, s\u00ed tiene sentido, porque hay leyes que rigen el universo en el<br \/>\n que vivimos y porque t\u00fa se lo das (y por el Chiste C\u00f3smico) <br \/><\/b><\/h2>\n<p>El mundo no tiene sentido. Vivimos sumidos en lo absurdo. La<br \/>\nexistencia del humano es pr\u00e1cticamente un accidente del Chiste C\u00f3smico:<br \/>\nexistimos no por un plan, sino porque el universo nos vomit\u00f3 por una<br \/>\ncasualidad que se fue adaptando. Una serie de efectos mariposa nos han<br \/>\ntra\u00eddo hasta aqu\u00ed: a m\u00ed a redactar estas palabras, a ti a leerlas. A<br \/>\nveces estoy de acuerdo con esta afirmaci\u00f3n.<\/p>\n<p>En otros tantos momentos, pienso en las posibilidades, y es algo de<br \/>\nlo que hablaba hace unos d\u00edas: somos un resultado azaroso tan rid\u00edculo,<br \/>\nque alg\u00fan sentido debe tener que estemos aqu\u00ed. Que tengamos ciertas<br \/>\ncapacidades, o que no. Que vivamos entre ciertas dimensiones, que<br \/>\npodamos ver algunos colores y otros no; que razonemos de la manera en la<br \/>\n que lo hacemos, que cantemos, que bailemos, que abracemos, que<br \/>\nsintamos. La evoluci\u00f3n podr\u00e1 habernos dise\u00f1ado por prueba y error, pero<br \/>\ntambi\u00e9n hay una infinidad m\u00e1s de posibilidades. Y a este sinsentido,<br \/>\nnosotros le damos un valor.<\/p>\n<p>\u00bfA qu\u00e9 voy con esto? A que, a fin de cuentas, los humanos somos<br \/>\n\u00e1tomos, porque somos materia. Y todo lo que nos rodea son \u00e1tomos, porque<br \/>\n mucho de lo que nos rodea es materia. Al menos, lo que con nuestros<br \/>\ninstrumentos y capacidad mental somos capaces de percibir \u2014limitantes<br \/>\nlas tenemos, y en unos segundos llegaremos tambi\u00e9n a ellas.<\/p>\n<p>Un valor. Sentido. Felicidad. Esto es lo que perseguimos. Los humanos<br \/>\n nos preguntamos de d\u00f3nde venimos y hacia d\u00f3nde vamos. Muchas veces,<br \/>\ncorremos tras ideales como el reconocimiento o cantidades exuberantes de<br \/>\n dinero; ambos, supongo, para dejar testimonio de que estuvimos aqu\u00ed.<br \/>\nLas redes sociales existen para satisfacer esa necesidad de atenci\u00f3n,<br \/>\nque no pretendo demeritar. A fin de cuentas, lo que le da sentido a<br \/>\nnuestras vidas son los lazos que hacemos. Vivimos por y para ellos \u2014como<br \/>\n todav\u00eda no tengo bases s\u00f3lidas para defender esta afirmaci\u00f3n, de que<br \/>\nvivimos para los dem\u00e1s, me mantendr\u00e9 al margen y no ahondar\u00e9 lo<br \/>\nsuficiente como lo necesitar\u00eda para sentirme satisfecho.<\/p>\n<p>Buscar dinero y fama no es algo malo; de hecho, dejemos atr\u00e1s los conceptos de bueno y de malo,<br \/>\n que en este contexto tan aburridos resultan, pues, adem\u00e1s, nadie<br \/>\npermanece en una sola \u00e1rea del espectro durante toda existencia. Nos<br \/>\nmovemos entre estos terrenos durante nuestra vida; ante los ojos de<br \/>\nalguien, seremos los villanos, mientras que ante los ojos de otros,<br \/>\nseremos h\u00e9roes \u2014aunque s\u00ed apoyo ciertas m\u00e1ximas de la convivencia en<br \/>\nsociedad, que no considero que se deban romper. Buscar darle sentido a<br \/>\nnuestra vida es algo inherente a nuestra existencia. Algo normal. Y<br \/>\nsiendo relativistas, el sentido y la forma de la realidad la damos<br \/>\nnosotros, a partir de nuestros valores y motivantes. Lo que para uno es<br \/>\nimportante, para otro no, lo que no demerita la relevancia de las<br \/>\nvisiones que nos vamos encontrando en el camino. Aceptar estas<br \/>\ndiferencias y que la perspectiva que tenemos de la realidad difiere<br \/>\nentre unos y otros, podr\u00eda hacernos llegar a un punto de convivencia<br \/>\narmoniosa. O todos ser\u00edamos condescendientes y no perseguir\u00edamos<br \/>\nverdades absolutas.<\/p>\n<p>Pero, tambi\u00e9n, \u00bfqui\u00e9n dice que debamos perseguir verdades absolutas?<br \/>\nMe pregunto, \u00bfpor qu\u00e9 queremos conocer los l\u00edmites del universo? Porque queremos saberlo. Porque lo necesitamos.<br \/>\n Por expandir. Por ego. Por solidaridad. Por muchos motivos; cada<br \/>\ncient\u00edfico tendr\u00e1 los suyos, cada ni\u00f1o que sue\u00f1a con ser astronauta los<br \/>\nsuyos tambi\u00e9n.<\/p>\n<p>Y, si has llegado hasta aqu\u00ed, no quiero que me mal entiendas. No vivo<br \/>\n pensando esto todo el tiempo. No voy por la vida diciendo que esto o<br \/>\naquello es inv\u00e1lido porque tengo mi propia manera de percibir el mundo,<br \/>\nporque ella tiene otra y ellos una muy diferente. Estoy de acuerdo con<br \/>\nla existencia de verdades convenidas por el grueso de la sociedad,<br \/>\nporque necesitamos orden. Tambi\u00e9n s\u00e9 que la gravedad es un hecho: que si<br \/>\n salto, volver\u00e9 a bajar. Solo que, necesitamos cuestionarnos, al menos<br \/>\nm\u00e1s de lo que lo hacemos, en lugar de tomar todo como un hecho<br \/>\ninamovible. La idea del \u00e1tomo fue negada durante mucho tiempo, antes de<br \/>\nvolver a ser aceptada; en el pasado, todos estaban seguros de que la<br \/>\ntierra ten\u00eda un l\u00edmite por el que ca\u00edas, y en cada momento hist\u00f3rico,<br \/>\ndeben existir quienes creen estar en la c\u00faspide tecnol\u00f3gica, sin tener<br \/>\nidea de que a\u00f1os m\u00e1s tarde habr\u00e1 algo y alguien que los sobrepasar\u00e1.<\/p>\n<p>Antes de llegar al siguiente punto, aclaremos: \u00bftiene sentido el que,<br \/>\n para m\u00ed, el existencialismo c\u00f3smico siempre ser\u00e1 una invenci\u00f3n de mi<br \/>\nmejor amigo? En un mundo donde desconocemos tanto \u2014a tratar en unos<br \/>\np\u00e1rrafos\u2014, donde nosotros damos el sentido y donde, de todos modos, ya<br \/>\ntenemos el juego perdido, \u00bfpor qu\u00e9 no puedo ceder la autor\u00eda de esto o<br \/>\naquello a quien yo quiera? Adem\u00e1s, seg\u00fan la teor\u00eda del multiverso,<br \/>\npodr\u00eda ser que s\u00ed, en efecto, \u00e9l \u00a0acu\u00f1ase el t\u00e9rmino, o que, en<br \/>\nrealidad, el Chiste C\u00f3smico jam\u00e1s haya generado vida. \u00bfAlguien puede<br \/>\ndecirme que no, con pruebas? Hay todav\u00eda tantas cosas de las que nadie<br \/>\nest\u00e1 seguro, que por eso se sigue buscando, y por eso seguimos creando.<br \/>\n(Aunque no voy a ir a decir que Obama se invent\u00f3 la teor\u00eda de la<br \/>\nrelatividad, porque eso ser\u00eda estupidez y defender la postura ser\u00eda<br \/>\nnecedad).<\/p>\n<p>Y por eso se me puede perdonar aquel momento en la universidad en el<br \/>\nque me apart\u00e9 y fui al techo a escuchar una canci\u00f3n. Porque en ese<br \/>\nmomento, todo parec\u00eda tan relevante, y ahora ya no. El existencialismo<br \/>\nc\u00f3smico y el darle sentido propio a las cosas pueden unir fuerzas para<br \/>\ntraer una paz absoluta. Y cuando las personas cambian, sus prioridades<br \/>\nlo hacen con ellos.<\/p>\n<figure data-orig-width=\"1024\" data-orig-height=\"347\" class=\"tmblr-full\"><img decoding=\"async\" src=\"https:\/\/64.media.tumblr.com\/664e275d9dd0b77c854d87d1e1334ffa\/105c94f02c240e09-be\/s540x810\/e18f8239b3fb940094f23a5fb2fbb83e5b6a22b8.png\" alt=\"image\" data-orig-width=\"1024\" data-orig-height=\"347\" \/><\/figure>\n<h2>\n<b>Interludio: Un cuestionamiento sobre la unidad universal selectiva o seleccionada <br \/><\/b><\/h2>\n<p>Me gustar\u00eda hacer un par\u00e9ntesis y hablar sobre el \u00e1tomo. Sobre la<br \/>\ncomposici\u00f3n de la materia \u2014de lo cual no es que sea un versado. Toda la<br \/>\nmateria est\u00e1 compuesta por \u00e1tomos, pero los \u00e1tomos que componen a la<br \/>\nsilla, no la animan, como los \u00e1tomos que me componen a m\u00ed. Yo hago<br \/>\nconexiones neuronales, yo siento hambre y yo sudo al correr. Si en lo<br \/>\nb\u00e1sico somos lo mismo, \u00bfpor qu\u00e9 somos diferentes? No s\u00e9 si esto hable de<br \/>\n un componente a\u00fan m\u00e1s peque\u00f1o e imperceptible, que decide qu\u00e9 har\u00e1 cada<br \/>\n \u00e1tomo, para formar cada qu\u00e9. Bien puede ser el Chiste C\u00f3smico. Bien<br \/>\npuede ser algo m\u00e1s, algo imperceptible en nuestro campo. \u00bfAlma?<br \/>\n\u00bfEsp\u00edritu? \u00bfQu\u00e9 tal si estos fueran una unidad universal selectiva o<br \/>\nseleccionada? <\/p>\n<p>As\u00ed como mi mejor amigo me explic\u00f3, un ladrillo puede usarse para<br \/>\nconstruir una casa, o un puente o muchas cosas. Y tambi\u00e9n me explic\u00f3 que<br \/>\n el hecho de que un im\u00e1n se una a otro no es algo que el im\u00e1n decida. La<br \/>\n esencia de la vida no est\u00e1 en sus componentes b\u00e1sicos, sino en la forma<br \/>\n en la que se acomodan. Y tambi\u00e9n me mencion\u00f3 sobre c\u00f3mo la electricidad<br \/>\n genera consciencia \u2014aunque parece no haber una afirmaci\u00f3n \u00fanica y<br \/>\nuniversal sobre esto.<\/p>\n<p>Todo tiene que ver con el acomodo, al parecer.<\/p>\n<p>No estoy seguro de si esas explicaciones eliminan la posibilidad<br \/>\nfant\u00e1stica de mi unidad universal selectiva. O del Chiste C\u00f3smico como<br \/>\nun comediante real y un intermediario.<\/p>\n<figure data-orig-width=\"1024\" data-orig-height=\"347\" class=\"tmblr-full\"><img decoding=\"async\" src=\"https:\/\/64.media.tumblr.com\/32fc9aeb068f8b44abe1827e13bf014b\/105c94f02c240e09-cb\/s540x810\/b285d82c3baa39d6b4223efa6bdd02f152ed9816.png\" alt=\"image\" data-orig-width=\"1024\" data-orig-height=\"347\" \/><\/figure>\n<h2>\n<b>Parte IV: Hormigas <br \/><\/b><\/h2>\n<p>Habl\u00e1bamos sobre hormigas. Las hormigas no tienen consciencia de que<br \/>\nnosotros somos humanos. \u00bfPor qu\u00e9 la tendr\u00edan? Sus estilos de vida, sus<br \/>\nnecesidades, no requieren que tengan idea de lo que es un humano, un<br \/>\ncolibr\u00ed, un viol\u00edn o un agujero negro. Para ellas, somos otro elemento<br \/>\nm\u00e1s, quiz\u00e1s un obst\u00e1culo. Formamos parte del terreno al que se tienen<br \/>\nque enfrentar para subsistir. No tienen idea de que nosotros somos seres<br \/>\n conscientes, pensantes, andantes. \u00bfY si nosotros somos hormigas? O,<br \/>\npara todo esto, cucarachas que observan las estrellas desde techos,<br \/>\nincapaces, desde su dimensi\u00f3n, de mirar m\u00e1s all\u00e1, de encontrarnos con<br \/>\nalgo que s\u00ed es capaz de percibirnos como nosotros percibimos a las<br \/>\nhormigas. Tal vez, para nuestro estilo de vida, para nuestras<br \/>\nnecesidades, no requerimos cruzar las fronteras de lo que somos capaces<br \/>\nde abstraer, o estamos condenados a ser as\u00ed.<\/p>\n<p>Para dejarlo m\u00e1s claro, usar\u00e9 como ejemplo a It, el personaje de<br \/>\nStephen King. \u00bfPor qu\u00e9 el payaso, finalmente, tiene forma de ara\u00f1a? Como<br \/>\n se explica, no es que It sea, en realidad, un ar\u00e1cnido extraterrestre<br \/>\n\u2014bueno, vale, que extraterresrte s\u00ed es. En realidad, es una<br \/>\nentidad de otro universo, plagado de otras entidades como \u00e9l. La forma<br \/>\nde ara\u00f1a es lo que la mente humana alcanza a comprender, pero su forma<br \/>\nreal somos incapaces de abstraerla. Creemos ser el pin\u00e1culo de la<br \/>\nevoluci\u00f3n en la tierra, sin embargo, seguimos limitados por nuestras<br \/>\ncapacidades. Y eso abre infinitas posibilidades. Mientras escribo, algo<br \/>\nmucho m\u00e1s grande que yo podr\u00eda estar mir\u00e1ndome, entretenido con mi<br \/>\nmanera de proceder. O incluso, para entidades de otras formas, tambi\u00e9n<br \/>\npodr\u00edamos pasar desapercibidos. Quiz\u00e1s el mismo universo, sistema tan<br \/>\nperfecto, sea esa otra gran entidad, y la concepci\u00f3n de otros universos<br \/>\ncomprenda otros seres similares: nosotros ser\u00edamos los componentes de<br \/>\nlas c\u00e9lulas del sistema \u2014las galaxias\u2014 en una inmensidad donde,<br \/>\nnuevamente, no importamos demasiado. <\/p>\n<p>Buscamos lo que conocemos, lo que somos capaces de analizar y reducir<br \/>\n a nuestras leyes y teor\u00edas. Buscamos agua en otros planetas porque<br \/>\nnosotros entendemos las formas de vida como lo que tenemos ante nuestras<br \/>\n narices. Pero, \u00bfd\u00f3nde queda la posibilidad de otras formas de<br \/>\nexistencia que se rigen por otros m\u00e9todos, por otras fisionom\u00edas \u2014dando<br \/>\npor hecho que las van a tener\u2014, por un Chiste mucho m\u00e1s complejo?<\/p>\n<figure data-orig-width=\"1024\" data-orig-height=\"347\" class=\"tmblr-full\"><img decoding=\"async\" src=\"https:\/\/64.media.tumblr.com\/f704ecf625b99d1a36f2f199245e7dda\/105c94f02c240e09-23\/s540x810\/983665ac1cbefb8257ba1e11719208d879640a05.png\" alt=\"image\" data-orig-width=\"1024\" data-orig-height=\"347\" \/><\/figure>\n<h2>\n<b>Parte V: No le importa, t\u00fa baila<\/p>\n<p><\/b><\/h2>\n<p>No s\u00e9 qu\u00e9 hayas sacado hasta el momento de todo lo que has le\u00eddo.<br \/>\n\u00bfTal vez suena a un panorama pesimista? Porque al universo no le<br \/>\nimportamos, porque muchas verdades dependen de la interpretaci\u00f3n y<br \/>\nporque no estamos seguros de muchas cosas \u2014hasta donde sabemos,<br \/>\npodr\u00edamos estar en trayectoria de colisi\u00f3n con otro universo, o una<br \/>\nbestia magn\u00edfica podr\u00eda estar devorando los l\u00edmites de lo que conocemos,<br \/>\n o algo que ni nuestros artefactos ni nuestras mentes pueden comprender<br \/>\npodr\u00eda estar a punto de deshacerse del espacio que ocupamos en la<br \/>\ncomposici\u00f3n del Jard\u00edn del Todo\u2014, sin embargo, as\u00ed como LuisDa lo<br \/>\nexplica en Estrellas Fugaces (que es as\u00ed como se llama la<br \/>\nhistoria de la que tom\u00e9 el fragmento de guion), es liberador. No le<br \/>\ndebemos nada al universo, \u00bfpor qu\u00e9 no tomarlo todo con m\u00e1s calma?<br \/>\nTomarnos menos en serio puede ayudarnos a disfrutar m\u00e1s de lo que nos<br \/>\nrodea. Esto sin perder el objetivo de lo que queremos, pues tampoco se<br \/>\ntrata de un completo abandono.<\/p>\n<p>Hay tantas piezas faltantes en este rompecabezas.<\/p>\n<p>Ser peque\u00f1o no elimina la relevancia, ejemplo de ello son las abejas,<br \/>\n parte importante del complejo mecanismo que compone a la naturaleza,<br \/>\nque parece tener una consciencia capaz de equilibrar (casi) todo a lo<br \/>\nque se enfrenta. La casualidad es demasiada.<\/p>\n<p>Si somos cucarachas mirando las estrellas, si somos ignorados por<br \/>\nentidades c\u00f3smicas de proporciones inmensas, inimaginables, que har\u00edan<br \/>\nnuestra consciencia sal y arena si logr\u00e1semos acercarnos a una cent\u00e9sima<br \/>\n parte del entendimiento de su composici\u00f3n, \u00bfpor qu\u00e9 no tomarlo como<br \/>\nalgo positivo, como un regalo del propio cosmos, una compensaci\u00f3n por<br \/>\nnuestra b\u00fasqueda de entenderlo, cuando jam\u00e1s lo podremos hacer, por<br \/>\nnuestras limitantes inherentes a nuestra condici\u00f3n humana?<\/p>\n<p>Me refiero a buscar lo que nos hace felices, sin da\u00f1ar al otro, si<br \/>\npodemos no hacerlo. Al universo no le importa si bailas mal, \u00bfsabes? No<br \/>\nle importa si desafinas al cantar, si te gustan cierto tipo de pel\u00edculas<br \/>\n o cierto tipo de libros; al cosmos no le interesa si crees en dioses<br \/>\nolvidados o en dioses a los que a\u00fan se les levantan templos, tampoco si<br \/>\ncomiste una rebana de pastel o si felicitaste a alguien o no en su<br \/>\ncumplea\u00f1os. <\/p>\n<p>La verg\u00fcenza no es algo con lo que el universo nos haya dotado, ni<br \/>\ntampoco creo que sea algo que los \u00e1tomos conllevan en su composici\u00f3n.<\/p>\n<p>Aunque, s\u00ed: as\u00ed como somos peque\u00f1os e irrelevantes a gran escala,<br \/>\ntambi\u00e9n somos grandes y relevantes a una escala mucho menor. Como todo<br \/>\nse trata de perspectiva y del valor que le damos a las cosas y<br \/>\nsituaciones, podemos contemplar con m\u00e1s atenci\u00f3n el sistema en el que<br \/>\nvivimos. A veces, por ser parte de \u00e9l, hay cosas que no notamos.<\/p>\n<p>Y es aqu\u00ed donde viene la contradicci\u00f3n, y donde entra nuevamente el<br \/>\npostulado al que no le encuentro fundamento: somos seres sociales y, por<br \/>\n lo tanto, todo lo que hacemos es para los dem\u00e1s. Los necesitamos, pues<br \/>\nnuestra existencia se mide en ellos, en los lazos que nos hacen quienes<br \/>\nsomos. Ser\u00e1 encontrar el punto medio, entre la falta de inter\u00e9s de las<br \/>\nestrellas para con nosotros y toda la importancia que le otorgamos a los<br \/>\n que nos rodean y a quienes apreciamos. \u00a0Discernir entre lo que si al<br \/>\nTodo no le va ni le viene, a los dem\u00e1s tampoco, y lo que, a pesar de que<br \/>\n a la inmensidad que nos rodea lo le hace ni cosquillas, a nosotros<br \/>\ntendr\u00eda que movernos mucho m\u00e1s. Porque si el universo no nos cuida,<br \/>\ntendremos que hacerlo entre nosotros, de pie en una balanza.<\/p>\n<p>Entre otras cosas: no le importa, t\u00fa baila.<\/p>\n<figure data-orig-width=\"1024\" data-orig-height=\"347\" class=\"tmblr-full\"><img decoding=\"async\" src=\"https:\/\/64.media.tumblr.com\/89a73d8aa08b6d7b43709b69f071347b\/105c94f02c240e09-fc\/s540x810\/717ec1f8694d50caca54cd1d54b60bffd9366667.png\" alt=\"image\" data-orig-width=\"1024\" data-orig-height=\"347\" \/><\/figure>\n","protected":false},"excerpt":{"rendered":"<p>Buscar \u00abkafkiano\u00bb en el diccionario de la RAE arroja tres resultados, pero el que ata\u00f1e a esta entrada del blog es: \u00abDicho de una situaci\u00f3n. Absurda, angustiosa\u00bb, haciendo referencia al momento en el que Gregorio Samsa se despierta convertido en un insecto y, tras un an\u00e1lisis del entorno, llega a la conclusi\u00f3n de que sigue&#8230;<\/p>\n","protected":false},"author":2,"featured_media":0,"comment_status":"closed","ping_status":"open","sticky":false,"template":"","format":"standard","meta":{"_jetpack_memberships_contains_paid_content":false,"footnotes":"","jetpack_publicize_message":"","jetpack_publicize_feature_enabled":true,"jetpack_social_post_already_shared":false,"jetpack_social_options":{"image_generator_settings":{"template":"highway","default_image_id":0,"font":"","enabled":false},"version":2}},"categories":[6],"tags":[],"class_list":["post-36","post","type-post","status-publish","format-standard","hentry","category-blog"],"yoast_head":"<!-- This site is optimized with the Yoast SEO plugin v27.5 - https:\/\/yoast.com\/product\/yoast-seo-wordpress\/ -->\n<title>Sobre una cucaracha que observa las estrellas. - a la deriva<\/title>\n<meta name=\"robots\" content=\"index, follow, max-snippet:-1, max-image-preview:large, max-video-preview:-1\" \/>\n<link rel=\"canonical\" href=\"https:\/\/aladeriva.bluezone.mx\/index.php\/2019\/10\/29\/sobre-una-cucaracha-que-observa-las-estrellas\/\" \/>\n<meta property=\"og:locale\" content=\"es_MX\" \/>\n<meta property=\"og:type\" content=\"article\" \/>\n<meta property=\"og:title\" content=\"Sobre una cucaracha que observa las estrellas. - a la deriva\" \/>\n<meta property=\"og:description\" content=\"Buscar \u00abkafkiano\u00bb en el diccionario de la RAE arroja tres resultados, pero el que ata\u00f1e a esta entrada del blog es: \u00abDicho de una situaci\u00f3n. Absurda, angustiosa\u00bb, haciendo referencia al momento en el que Gregorio Samsa se despierta convertido en un insecto y, tras un an\u00e1lisis del entorno, llega a la conclusi\u00f3n de que sigue...\" \/>\n<meta property=\"og:url\" content=\"https:\/\/aladeriva.bluezone.mx\/index.php\/2019\/10\/29\/sobre-una-cucaracha-que-observa-las-estrellas\/\" \/>\n<meta property=\"og:site_name\" content=\"a la deriva\" \/>\n<meta property=\"article:published_time\" content=\"2019-10-29T01:14:08+00:00\" \/>\n<meta property=\"article:modified_time\" content=\"2023-04-02T18:35:52+00:00\" \/>\n<meta property=\"og:image\" content=\"https:\/\/64.media.tumblr.com\/a757b895caceb96fab8ee272f53e8c36\/105c94f02c240e09-85\/s540x810\/5d11d05755ed5ee15ff218a2469442b2ccedd5c5.png\" \/>\n<meta name=\"author\" content=\"Kevin\" \/>\n<meta name=\"twitter:card\" content=\"summary_large_image\" \/>\n<meta name=\"twitter:label1\" content=\"Escrito por\" \/>\n\t<meta name=\"twitter:data1\" content=\"Kevin\" \/>\n\t<meta name=\"twitter:label2\" content=\"Tiempo de lectura\" \/>\n\t<meta name=\"twitter:data2\" content=\"21 minutos\" \/>\n<script type=\"application\/ld+json\" class=\"yoast-schema-graph\">{\"@context\":\"https:\\\/\\\/schema.org\",\"@graph\":[{\"@type\":\"Article\",\"@id\":\"https:\\\/\\\/aladeriva.bluezone.mx\\\/index.php\\\/2019\\\/10\\\/29\\\/sobre-una-cucaracha-que-observa-las-estrellas\\\/#article\",\"isPartOf\":{\"@id\":\"https:\\\/\\\/aladeriva.bluezone.mx\\\/index.php\\\/2019\\\/10\\\/29\\\/sobre-una-cucaracha-que-observa-las-estrellas\\\/\"},\"author\":{\"name\":\"Kevin\",\"@id\":\"https:\\\/\\\/aladeriva.bluezone.mx\\\/#\\\/schema\\\/person\\\/660be473e5b24b52dcf29b3d2fe65a09\"},\"headline\":\"Sobre una cucaracha que observa las estrellas.\",\"datePublished\":\"2019-10-29T01:14:08+00:00\",\"dateModified\":\"2023-04-02T18:35:52+00:00\",\"mainEntityOfPage\":{\"@id\":\"https:\\\/\\\/aladeriva.bluezone.mx\\\/index.php\\\/2019\\\/10\\\/29\\\/sobre-una-cucaracha-que-observa-las-estrellas\\\/\"},\"wordCount\":4303,\"image\":{\"@id\":\"https:\\\/\\\/aladeriva.bluezone.mx\\\/index.php\\\/2019\\\/10\\\/29\\\/sobre-una-cucaracha-que-observa-las-estrellas\\\/#primaryimage\"},\"thumbnailUrl\":\"https:\\\/\\\/64.media.tumblr.com\\\/a757b895caceb96fab8ee272f53e8c36\\\/105c94f02c240e09-85\\\/s540x810\\\/5d11d05755ed5ee15ff218a2469442b2ccedd5c5.png\",\"articleSection\":[\"Blog\"],\"inLanguage\":\"es\"},{\"@type\":\"WebPage\",\"@id\":\"https:\\\/\\\/aladeriva.bluezone.mx\\\/index.php\\\/2019\\\/10\\\/29\\\/sobre-una-cucaracha-que-observa-las-estrellas\\\/\",\"url\":\"https:\\\/\\\/aladeriva.bluezone.mx\\\/index.php\\\/2019\\\/10\\\/29\\\/sobre-una-cucaracha-que-observa-las-estrellas\\\/\",\"name\":\"Sobre una cucaracha que observa las estrellas. - a la deriva\",\"isPartOf\":{\"@id\":\"https:\\\/\\\/aladeriva.bluezone.mx\\\/#website\"},\"primaryImageOfPage\":{\"@id\":\"https:\\\/\\\/aladeriva.bluezone.mx\\\/index.php\\\/2019\\\/10\\\/29\\\/sobre-una-cucaracha-que-observa-las-estrellas\\\/#primaryimage\"},\"image\":{\"@id\":\"https:\\\/\\\/aladeriva.bluezone.mx\\\/index.php\\\/2019\\\/10\\\/29\\\/sobre-una-cucaracha-que-observa-las-estrellas\\\/#primaryimage\"},\"thumbnailUrl\":\"https:\\\/\\\/64.media.tumblr.com\\\/a757b895caceb96fab8ee272f53e8c36\\\/105c94f02c240e09-85\\\/s540x810\\\/5d11d05755ed5ee15ff218a2469442b2ccedd5c5.png\",\"datePublished\":\"2019-10-29T01:14:08+00:00\",\"dateModified\":\"2023-04-02T18:35:52+00:00\",\"author\":{\"@id\":\"https:\\\/\\\/aladeriva.bluezone.mx\\\/#\\\/schema\\\/person\\\/660be473e5b24b52dcf29b3d2fe65a09\"},\"breadcrumb\":{\"@id\":\"https:\\\/\\\/aladeriva.bluezone.mx\\\/index.php\\\/2019\\\/10\\\/29\\\/sobre-una-cucaracha-que-observa-las-estrellas\\\/#breadcrumb\"},\"inLanguage\":\"es\",\"potentialAction\":[{\"@type\":\"ReadAction\",\"target\":[\"https:\\\/\\\/aladeriva.bluezone.mx\\\/index.php\\\/2019\\\/10\\\/29\\\/sobre-una-cucaracha-que-observa-las-estrellas\\\/\"]}]},{\"@type\":\"ImageObject\",\"inLanguage\":\"es\",\"@id\":\"https:\\\/\\\/aladeriva.bluezone.mx\\\/index.php\\\/2019\\\/10\\\/29\\\/sobre-una-cucaracha-que-observa-las-estrellas\\\/#primaryimage\",\"url\":\"https:\\\/\\\/64.media.tumblr.com\\\/a757b895caceb96fab8ee272f53e8c36\\\/105c94f02c240e09-85\\\/s540x810\\\/5d11d05755ed5ee15ff218a2469442b2ccedd5c5.png\",\"contentUrl\":\"https:\\\/\\\/64.media.tumblr.com\\\/a757b895caceb96fab8ee272f53e8c36\\\/105c94f02c240e09-85\\\/s540x810\\\/5d11d05755ed5ee15ff218a2469442b2ccedd5c5.png\"},{\"@type\":\"BreadcrumbList\",\"@id\":\"https:\\\/\\\/aladeriva.bluezone.mx\\\/index.php\\\/2019\\\/10\\\/29\\\/sobre-una-cucaracha-que-observa-las-estrellas\\\/#breadcrumb\",\"itemListElement\":[{\"@type\":\"ListItem\",\"position\":1,\"name\":\"Inicio\",\"item\":\"https:\\\/\\\/aladeriva.bluezone.mx\\\/\"},{\"@type\":\"ListItem\",\"position\":2,\"name\":\"Sobre una cucaracha que observa las estrellas.\"}]},{\"@type\":\"WebSite\",\"@id\":\"https:\\\/\\\/aladeriva.bluezone.mx\\\/#website\",\"url\":\"https:\\\/\\\/aladeriva.bluezone.mx\\\/\",\"name\":\"a la deriva\",\"description\":\"todos nos hemos sentido a la deriva.\",\"potentialAction\":[{\"@type\":\"SearchAction\",\"target\":{\"@type\":\"EntryPoint\",\"urlTemplate\":\"https:\\\/\\\/aladeriva.bluezone.mx\\\/?s={search_term_string}\"},\"query-input\":{\"@type\":\"PropertyValueSpecification\",\"valueRequired\":true,\"valueName\":\"search_term_string\"}}],\"inLanguage\":\"es\"},{\"@type\":\"Person\",\"@id\":\"https:\\\/\\\/aladeriva.bluezone.mx\\\/#\\\/schema\\\/person\\\/660be473e5b24b52dcf29b3d2fe65a09\",\"name\":\"Kevin\",\"image\":{\"@type\":\"ImageObject\",\"inLanguage\":\"es\",\"@id\":\"https:\\\/\\\/secure.gravatar.com\\\/avatar\\\/77cc5de580d8805fccbd8e8c79eaf44ace984071f20607d78e09223edbcb3e5f?s=96&d=mm&r=g\",\"url\":\"https:\\\/\\\/secure.gravatar.com\\\/avatar\\\/77cc5de580d8805fccbd8e8c79eaf44ace984071f20607d78e09223edbcb3e5f?s=96&d=mm&r=g\",\"contentUrl\":\"https:\\\/\\\/secure.gravatar.com\\\/avatar\\\/77cc5de580d8805fccbd8e8c79eaf44ace984071f20607d78e09223edbcb3e5f?s=96&d=mm&r=g\",\"caption\":\"Kevin\"},\"url\":\"https:\\\/\\\/aladeriva.bluezone.mx\\\/index.php\\\/author\\\/kevin\\\/\"}]}<\/script>\n<!-- \/ Yoast SEO plugin. -->","yoast_head_json":{"title":"Sobre una cucaracha que observa las estrellas. - a la deriva","robots":{"index":"index","follow":"follow","max-snippet":"max-snippet:-1","max-image-preview":"max-image-preview:large","max-video-preview":"max-video-preview:-1"},"canonical":"https:\/\/aladeriva.bluezone.mx\/index.php\/2019\/10\/29\/sobre-una-cucaracha-que-observa-las-estrellas\/","og_locale":"es_MX","og_type":"article","og_title":"Sobre una cucaracha que observa las estrellas. - a la deriva","og_description":"Buscar \u00abkafkiano\u00bb en el diccionario de la RAE arroja tres resultados, pero el que ata\u00f1e a esta entrada del blog es: \u00abDicho de una situaci\u00f3n. Absurda, angustiosa\u00bb, haciendo referencia al momento en el que Gregorio Samsa se despierta convertido en un insecto y, tras un an\u00e1lisis del entorno, llega a la conclusi\u00f3n de que sigue...","og_url":"https:\/\/aladeriva.bluezone.mx\/index.php\/2019\/10\/29\/sobre-una-cucaracha-que-observa-las-estrellas\/","og_site_name":"a la deriva","article_published_time":"2019-10-29T01:14:08+00:00","article_modified_time":"2023-04-02T18:35:52+00:00","og_image":[{"url":"https:\/\/64.media.tumblr.com\/a757b895caceb96fab8ee272f53e8c36\/105c94f02c240e09-85\/s540x810\/5d11d05755ed5ee15ff218a2469442b2ccedd5c5.png","type":"","width":"","height":""}],"author":"Kevin","twitter_card":"summary_large_image","twitter_misc":{"Escrito por":"Kevin","Tiempo de lectura":"21 minutos"},"schema":{"@context":"https:\/\/schema.org","@graph":[{"@type":"Article","@id":"https:\/\/aladeriva.bluezone.mx\/index.php\/2019\/10\/29\/sobre-una-cucaracha-que-observa-las-estrellas\/#article","isPartOf":{"@id":"https:\/\/aladeriva.bluezone.mx\/index.php\/2019\/10\/29\/sobre-una-cucaracha-que-observa-las-estrellas\/"},"author":{"name":"Kevin","@id":"https:\/\/aladeriva.bluezone.mx\/#\/schema\/person\/660be473e5b24b52dcf29b3d2fe65a09"},"headline":"Sobre una cucaracha que observa las estrellas.","datePublished":"2019-10-29T01:14:08+00:00","dateModified":"2023-04-02T18:35:52+00:00","mainEntityOfPage":{"@id":"https:\/\/aladeriva.bluezone.mx\/index.php\/2019\/10\/29\/sobre-una-cucaracha-que-observa-las-estrellas\/"},"wordCount":4303,"image":{"@id":"https:\/\/aladeriva.bluezone.mx\/index.php\/2019\/10\/29\/sobre-una-cucaracha-que-observa-las-estrellas\/#primaryimage"},"thumbnailUrl":"https:\/\/64.media.tumblr.com\/a757b895caceb96fab8ee272f53e8c36\/105c94f02c240e09-85\/s540x810\/5d11d05755ed5ee15ff218a2469442b2ccedd5c5.png","articleSection":["Blog"],"inLanguage":"es"},{"@type":"WebPage","@id":"https:\/\/aladeriva.bluezone.mx\/index.php\/2019\/10\/29\/sobre-una-cucaracha-que-observa-las-estrellas\/","url":"https:\/\/aladeriva.bluezone.mx\/index.php\/2019\/10\/29\/sobre-una-cucaracha-que-observa-las-estrellas\/","name":"Sobre una cucaracha que observa las estrellas. - a la deriva","isPartOf":{"@id":"https:\/\/aladeriva.bluezone.mx\/#website"},"primaryImageOfPage":{"@id":"https:\/\/aladeriva.bluezone.mx\/index.php\/2019\/10\/29\/sobre-una-cucaracha-que-observa-las-estrellas\/#primaryimage"},"image":{"@id":"https:\/\/aladeriva.bluezone.mx\/index.php\/2019\/10\/29\/sobre-una-cucaracha-que-observa-las-estrellas\/#primaryimage"},"thumbnailUrl":"https:\/\/64.media.tumblr.com\/a757b895caceb96fab8ee272f53e8c36\/105c94f02c240e09-85\/s540x810\/5d11d05755ed5ee15ff218a2469442b2ccedd5c5.png","datePublished":"2019-10-29T01:14:08+00:00","dateModified":"2023-04-02T18:35:52+00:00","author":{"@id":"https:\/\/aladeriva.bluezone.mx\/#\/schema\/person\/660be473e5b24b52dcf29b3d2fe65a09"},"breadcrumb":{"@id":"https:\/\/aladeriva.bluezone.mx\/index.php\/2019\/10\/29\/sobre-una-cucaracha-que-observa-las-estrellas\/#breadcrumb"},"inLanguage":"es","potentialAction":[{"@type":"ReadAction","target":["https:\/\/aladeriva.bluezone.mx\/index.php\/2019\/10\/29\/sobre-una-cucaracha-que-observa-las-estrellas\/"]}]},{"@type":"ImageObject","inLanguage":"es","@id":"https:\/\/aladeriva.bluezone.mx\/index.php\/2019\/10\/29\/sobre-una-cucaracha-que-observa-las-estrellas\/#primaryimage","url":"https:\/\/64.media.tumblr.com\/a757b895caceb96fab8ee272f53e8c36\/105c94f02c240e09-85\/s540x810\/5d11d05755ed5ee15ff218a2469442b2ccedd5c5.png","contentUrl":"https:\/\/64.media.tumblr.com\/a757b895caceb96fab8ee272f53e8c36\/105c94f02c240e09-85\/s540x810\/5d11d05755ed5ee15ff218a2469442b2ccedd5c5.png"},{"@type":"BreadcrumbList","@id":"https:\/\/aladeriva.bluezone.mx\/index.php\/2019\/10\/29\/sobre-una-cucaracha-que-observa-las-estrellas\/#breadcrumb","itemListElement":[{"@type":"ListItem","position":1,"name":"Inicio","item":"https:\/\/aladeriva.bluezone.mx\/"},{"@type":"ListItem","position":2,"name":"Sobre una cucaracha que observa las estrellas."}]},{"@type":"WebSite","@id":"https:\/\/aladeriva.bluezone.mx\/#website","url":"https:\/\/aladeriva.bluezone.mx\/","name":"a la deriva","description":"todos nos hemos sentido a la deriva.","potentialAction":[{"@type":"SearchAction","target":{"@type":"EntryPoint","urlTemplate":"https:\/\/aladeriva.bluezone.mx\/?s={search_term_string}"},"query-input":{"@type":"PropertyValueSpecification","valueRequired":true,"valueName":"search_term_string"}}],"inLanguage":"es"},{"@type":"Person","@id":"https:\/\/aladeriva.bluezone.mx\/#\/schema\/person\/660be473e5b24b52dcf29b3d2fe65a09","name":"Kevin","image":{"@type":"ImageObject","inLanguage":"es","@id":"https:\/\/secure.gravatar.com\/avatar\/77cc5de580d8805fccbd8e8c79eaf44ace984071f20607d78e09223edbcb3e5f?s=96&d=mm&r=g","url":"https:\/\/secure.gravatar.com\/avatar\/77cc5de580d8805fccbd8e8c79eaf44ace984071f20607d78e09223edbcb3e5f?s=96&d=mm&r=g","contentUrl":"https:\/\/secure.gravatar.com\/avatar\/77cc5de580d8805fccbd8e8c79eaf44ace984071f20607d78e09223edbcb3e5f?s=96&d=mm&r=g","caption":"Kevin"},"url":"https:\/\/aladeriva.bluezone.mx\/index.php\/author\/kevin\/"}]}},"jetpack_publicize_connections":[],"jetpack_featured_media_url":"","jetpack_sharing_enabled":true,"_links":{"self":[{"href":"https:\/\/aladeriva.bluezone.mx\/index.php\/wp-json\/wp\/v2\/posts\/36","targetHints":{"allow":["GET"]}}],"collection":[{"href":"https:\/\/aladeriva.bluezone.mx\/index.php\/wp-json\/wp\/v2\/posts"}],"about":[{"href":"https:\/\/aladeriva.bluezone.mx\/index.php\/wp-json\/wp\/v2\/types\/post"}],"author":[{"embeddable":true,"href":"https:\/\/aladeriva.bluezone.mx\/index.php\/wp-json\/wp\/v2\/users\/2"}],"replies":[{"embeddable":true,"href":"https:\/\/aladeriva.bluezone.mx\/index.php\/wp-json\/wp\/v2\/comments?post=36"}],"version-history":[{"count":1,"href":"https:\/\/aladeriva.bluezone.mx\/index.php\/wp-json\/wp\/v2\/posts\/36\/revisions"}],"predecessor-version":[{"id":73,"href":"https:\/\/aladeriva.bluezone.mx\/index.php\/wp-json\/wp\/v2\/posts\/36\/revisions\/73"}],"wp:attachment":[{"href":"https:\/\/aladeriva.bluezone.mx\/index.php\/wp-json\/wp\/v2\/media?parent=36"}],"wp:term":[{"taxonomy":"category","embeddable":true,"href":"https:\/\/aladeriva.bluezone.mx\/index.php\/wp-json\/wp\/v2\/categories?post=36"},{"taxonomy":"post_tag","embeddable":true,"href":"https:\/\/aladeriva.bluezone.mx\/index.php\/wp-json\/wp\/v2\/tags?post=36"}],"curies":[{"name":"wp","href":"https:\/\/api.w.org\/{rel}","templated":true}]}}