{"id":334,"date":"2026-03-09T03:06:28","date_gmt":"2026-03-09T03:06:28","guid":{"rendered":"https:\/\/aladeriva.bluezone.mx\/index.php\/2026\/03\/09\/fascinacion-soledad-historia\/"},"modified":"2026-03-09T03:15:09","modified_gmt":"2026-03-09T03:15:09","slug":"fascinacion-soledad-historia","status":"publish","type":"post","link":"https:\/\/aladeriva.bluezone.mx\/index.php\/2026\/03\/09\/fascinacion-soledad-historia\/","title":{"rendered":"FASCINACI\u00d3N; \u00abSOLEDAD\u00bb"},"content":{"rendered":"\n<p class=\"p1\">Siento una fascinaci\u00f3n dif\u00edcil de explicar por la religi\u00f3n abordada desde el punto de vista de las emociones humanas.&nbsp;<\/p>\n\n\n\n<p class=\"p1\">En general, siento mucha curiosidad por las deidades y su relaci\u00f3n con las personas. En la universidad tom\u00e9 la optativa de Historia Comparada de las Religiones solo para aprender un poco m\u00e1s de lo que las culturas del mundo piensan de sus respectivos dioses, profetas e iluminados.&nbsp;Si he de ser sincero, no recuerdo mucho, pero era una materia que me gustaba bastante.<\/p>\n\n\n\n<p class=\"p1\">Cuando hablo de abordar la religi\u00f3n desde las \u00abemociones humanas\u00bb me refiero a \u00abconocer\u00bb lo que sent\u00edan y pensaban los personajes. Al ser occidental, es com\u00fan que me tope m\u00e1s con estas narrativas enfocadas en el Cristianismo o Catolicismo. Dos de mis ejemplos favoritos de esta manera de explorar la religi\u00f3n son la canci\u00f3n \u00abEve &amp; Paradise Lost\u00bb de Bastille \u2014que te cuenta un poco del resentimiento de Eva por ser la portadora del Pecado Original\u2014 y la canci\u00f3n \u00abAbraham&#8217;s Daughter\u00bb de Arcade Fire \u2014en la que nos narran una versi\u00f3n alternativa de por qu\u00e9 Abraham no sacrific\u00f3 a su hijo Isaac a Dios.&nbsp;<\/p>\n\n\n\n<figure class=\"wp-block-embed is-type-video is-provider-youtube wp-block-embed-youtube wp-embed-aspect-16-9 wp-has-aspect-ratio\"><div class=\"wp-block-embed__wrapper\">\n<div class=\"jetpack-video-wrapper\"><iframe loading=\"lazy\" title=\"Bastille \u2013 Eve &amp; Paradise Lost (Official Lyric Video)\" width=\"640\" height=\"360\" src=\"https:\/\/www.youtube.com\/embed\/JXs1tlmKPcU?feature=oembed\" frameborder=\"0\" allow=\"accelerometer; autoplay; clipboard-write; encrypted-media; gyroscope; picture-in-picture; web-share\" referrerpolicy=\"strict-origin-when-cross-origin\" allowfullscreen><\/iframe><\/div>\n<\/div><figcaption class=\"wp-element-caption\">&#8220;Eve &amp; Paradise Lost\u201d de Bastille.<\/figcaption><\/figure>\n\n\n\n<figure class=\"wp-block-embed is-type-video is-provider-youtube wp-block-embed-youtube wp-embed-aspect-4-3 wp-has-aspect-ratio\"><div class=\"wp-block-embed__wrapper\">\n<div class=\"jetpack-video-wrapper\"><iframe loading=\"lazy\" title=\"Abraham&#039;s Daughter\" width=\"640\" height=\"480\" src=\"https:\/\/www.youtube.com\/embed\/Vcm4WCPU2L8?feature=oembed\" frameborder=\"0\" allow=\"accelerometer; autoplay; clipboard-write; encrypted-media; gyroscope; picture-in-picture; web-share\" referrerpolicy=\"strict-origin-when-cross-origin\" allowfullscreen><\/iframe><\/div>\n<\/div><figcaption class=\"wp-element-caption\">&#8220;Abraham&#8217;s Daughter&#8221; de Arcade Fire.<\/figcaption><\/figure>\n\n\n\n<p class=\"p1\">Mi relaci\u00f3n con los temas religiosos es compleja y no profundizar\u00e9 en ella en esta entrada de blog, pero, como ya dije, siento una fascinaci\u00f3n por ellos. En alg\u00fan momento me plante\u00e9 escribir un libro sobre la vida de Jes\u00fas de Nazaret visto como un hombre. Hijo de Dios, s\u00ed, pero carne y sangre, a fin de cuentas. Es parte del punto de la Encarnaci\u00f3n.<\/p>\n\n\n\n<p class=\"p1\">Alguna vez puse en pr\u00e1ctica esta idea, que, quiz\u00e1, sea mal vista por los m\u00e1s ortodoxos. No s\u00e9. Fue en abril del 2019, cuando me puse como reto escribir una historia corta al d\u00eda. Sobra decir que no logr\u00e9 mi objetivo, pero el producto que saqu\u00e9 de esa corta aventura me gusta, as\u00ed que decid\u00ed desempolvarlo para ponerlo en el blog. Qui\u00e9n sabe, tal vez alg\u00fan d\u00eda contin\u00fae lo que empec\u00e9.&nbsp;<\/p>\n\n\n\n<hr class=\"wp-block-separator has-alpha-channel-opacity\"\/>\n\n\n\n<p class=\"p1\"><strong><em>SOLEDAD<\/em><\/strong>.&nbsp;<\/p>\n\n\n\n<p class=\"p1\">3 de abril de 2019.&nbsp;<\/p>\n\n\n\n<p class=\"p1\">Sed y hambre; quer\u00eda agua y quer\u00eda comida y, tambi\u00e9n, de ser posible, quer\u00eda reposo.<\/p>\n\n\n\n<p class=\"p1\">Hab\u00edan pasado varios d\u00edas desde la \u00faltima ocasi\u00f3n que pusiera un pie en el pueblo, por lo que la noticia de su llegada se esparci\u00f3 con rapidez. En cuanto vio que el ni\u00f1o, cubierto de polvo y con una sonrisa en la cara, se levant\u00f3 y sin sandalias corri\u00f3 en direcci\u00f3n a la casa de su vecino, supo que el descanso que buscaba no llegar\u00eda sino hasta muy entrada la noche.<\/p>\n\n\n\n<p class=\"p1\">Suspir\u00f3.<\/p>\n\n\n\n<p class=\"p1\">Ten\u00eda buenas noticias, s\u00ed, y tambi\u00e9n las quer\u00eda compartir. Sin embargo, era m\u00fasculos, huesos y sangre, y esos m\u00fasculos, huesos y sangre necesitaban reposar. Su sed ten\u00eda que ser saciada. Algo ten\u00eda que caer en su est\u00f3mago. Al menos esperaba una hogaza de pan al llegar a la entrada.<\/p>\n\n\n\n<p class=\"p1\">Decepcionado no estuvo. Lo recibieron con pescado fresco y cordero reci\u00e9n sacrificado y agua y pan y prendas frescas. No lo acept\u00f3 todo de inmediato, claro. Neg\u00f3 las prendas y neg\u00f3 el pescado, pidiendo que lo repartieran entre ellos. El cordero se lo entreg\u00f3 a un anciano.<\/p>\n\n\n\n<p class=\"p1\">Solo bebi\u00f3 agua, con cuanta calma se lo permiti\u00f3 su autocontrol; quer\u00eda acabarla con velocidad, feroz. Pero no. Dio sorbos peque\u00f1os. Dos, tres mordidas al pan. A continuaci\u00f3n, comenz\u00f3.<\/p>\n\n\n\n<p class=\"p1\">Todos en la multitud ten\u00edan peticiones, como era de esperarse. Todos quer\u00edan contarle sobre sus males y sus dolencias, y \u00e9l ten\u00eda la intenci\u00f3n de escucharles con atenci\u00f3n, pero por m\u00e1s que su mente fuera fuerte de voluntad, su cuerpo le pedia una cama fresca y largas horas de sue\u00f1o. A veces lo \u00fanico que deseaba era dormir.<\/p>\n\n\n\n<p class=\"p1\">Dijo unas cuantas palabras, esperando que eso fuera suficiente, al menos por unas horas. Por supuesto, no lo fue. Las peticiones comenzaron a llover a c\u00e1ntaros, y \u00e9l las escuch\u00f3 con la atenci\u00f3n que solo una madre es capaz de ponerle a sus hijos, por m\u00e1s incoherentes o caprichosos que estos sean. Y mientras escuchaba, vio a cuatro hombres cargando una camilla rudimentaria, al fondo, entre la multitud. Los sigui\u00f3 con la mirada, curioso de lo que pretendian hacer. Curioso y agotado (aunque deb\u00eda admitir que, en ocasiones, lo \u00fanico capaz de arrancarle la pesadez del cuerpo era su curiosidad, tan hiperactiva como la de un joven que descubre, por primera vez, el cuerpo desnudo de una mujer).<\/p>\n\n\n\n<p class=\"p1\">Los cuatro hombres rodearon a la multitud y desaparecieron de su vista. Alz\u00f3 el rostro cuanto pudo, intentando dar con ellos, pero no los encontr\u00f3. Buscarlos supondr\u00eda dejar su lugar en el marco de la puerta y adentrarse en la multitud. Y eso implicar\u00eda aceptar que no descansar\u00eda esa tarde. Tal vez, en esta ocasi\u00f3n, su curiosidad era m\u00e1s d\u00e9bil que el agotamiento.<\/p>\n\n\n\n<p class=\"p1\">Supir\u00f3 por segunda vez y puso atenci\u00f3n a aquello que le dec\u00eda un granjero, o al menos lo intent\u00f3. La letan\u00eda se extendi\u00f3 y extendi\u00f3, hasta que una exclamaci\u00f3n rompi\u00f3 el ambiente pesado que se estaba generando. Alguien m\u00e1s se\u00f1al\u00f3 hacia el techo de la casa. Tuvo que dar unos pasos hacia sus acompa\u00f1antes y mirar hacia arriba: los cuatro hombres se encontraban all\u00ed, con todo y la camilla, e intentaban, a la fuerza, abrir un agujero en el techo. Podr\u00eda haberse enojado, podr\u00eda haberles gritado. Sin embargo, sonri\u00f3. Eran atrevidos. Har\u00edan lo que fuera por hablar con \u00c9l. Le gustaban.<\/p>\n\n\n\n<p class=\"p1\">Esper\u00f3 hasta que los hombres terminaron el agujero en el techo y bajaran la camilla con ayuda de cuerdas. Entonces entr\u00f3 en la casa y se sent\u00f3 junto a quien descansaba, ahora, en el suelo de su hogar. Era un paral\u00edtico, ni m\u00e1s ni menos. Recostado, descansando. El quer\u00eda descansar.<\/p>\n\n\n\n<p class=\"p1\">Mir\u00f3 hacia la multitud que, sin moverse, esperaba a que hiciera algo. Cualquier cosa. Solo quer\u00edan vuer lo actuar. Le hab\u00edan dado agua y le hab\u00edan dado comida. Les deb\u00eda al menos eso.<\/p>\n\n\n\n<p class=\"p1\">\u2014Te perdono \u2014dijo, con la voz m\u00e1s cansada de lo que le habr\u00eda gustado. El desierto hab\u00eda hecho mella en sus cuerdas bucales. \u00bfQu\u00e9 m\u00e1s pod\u00eda esperar? Claro que era as\u00ed. El cuerpo que habitaba no estaba acostumbrado al ritmo para el que lo utilizaba\u2014. Perdono tus pecados \u2014termin\u00f3.<\/p>\n\n\n\n<p class=\"p1\">All\u00ed estaba. Lo hab\u00eda dicho. \u00bfEra suficiente como para seguir adelante? \u00bfComo para poder reposar?<\/p>\n\n\n\n<p class=\"p1\">No es que no quisiera estar all\u00ed, pero era como si, en ocasiones, no comprendieran que \u00e9l tambi\u00e9n era carne y sangre y sudaba y dorm\u00eda y se exasperaba y lloraba y re\u00eda y&#8230;<\/p>\n\n\n\n<p class=\"p1\">\u2014\u00bfC\u00f3mo te atreves a hablar as\u00ed? \u2014pregunt\u00f3 alguien entre la multitud. A\u00f1os despu\u00e9s, se contar\u00eda que habr\u00eda sido un escriba, apoyado por sus compa\u00f1eros; por ahora solo era un rostro m\u00e1s entre un mar de caras\u2014. iLo que dices es una ofensa, nada m\u00e1s! Solo nuestro Dios es capaz de perdonar los pecados.<\/p>\n\n\n\n<p class=\"p1\">Entre la multitud, algunos asintieron. Los murmullos comenzaron a esparcirse, esporas al viento. Suspir\u00f3 por tercera vez. Quer\u00eda dormir. \u00bfPor qu\u00e9 era tan dificil entenderlo? \u00bfAcaso esa idea no la comprend\u00edan sus mentes?<\/p>\n\n\n\n<p class=\"p1\">\u2014\u00bfPor qu\u00e9 piensan eso? \u2014pregunt\u00f3 entonces, sin apartar su mirada del paral\u00edtico. Alz\u00f3 la voz lo suficente como para que toda la multitud fuera capaz de escucharlo, hasta el \u00faltimo, hasta el sordo.<\/p>\n\n\n\n<p class=\"p1\">Se incorpor\u00f3, pues, sin darse cuenta, se hab\u00eda puesto en cuclillas. Las rodillas le crujieron, aliviadas por la movilidad. No lo hab\u00eda notado, pero incluso una pierna se le hab\u00eda dormido. Mientras la multitud miraba su perfil, un hormigueo le sub\u00eda por el muslo.<\/p>\n\n\n\n<p class=\"p1\">Estaba bien. Lo har\u00eda. Lo har\u00eda y tal vez as\u00ed sus ojos se abrir\u00edan y le creyeran y quiz\u00e1 podr\u00edan darle espacio. Los amaba, sin embargo, ten\u00eda otras emociones en el c\u00famulo de irracionalidades que conformaban la tormenta en su cabeza.<\/p>\n\n\n\n<p class=\"p1\">\u2014\u00bfQu\u00e9 es m\u00e1s f\u00e1cil? \u00bfPerdonar los pecados de este hombre paral\u00edtico o hacer que camine de nuevo?<\/p>\n\n\n\n<p class=\"p1\">La respuesta era obvia, s\u00ed. Y esperaba que alguien lo dijera en voz alta.<\/p>\n\n\n\n<p class=\"p1\">\u2014\u00bfEntonces est\u00e1s haciendo lo m\u00e1s f\u00e1cil? \u00bfEso es lo que quieres decir? \u2014aull\u00f3 una voz entre el corro y alguna risa contenida casi logr\u00f3 escapar.<\/p>\n\n\n\n<p class=\"p1\">\u2014Exacto \u2014declar\u00f3, d\u00e1ndose la vuelta, encarando a la multitud, con esa voz que ahora era clara y dulce, pero repleta de autoridad\u2014. Es m\u00e1s f\u00e1cil lo que estoy haciendo. Por lo tanto, si hiciera que este hombre volviera a caminar, \u00bfno demostrar\u00eda eso que tengo la autoridad, aqu\u00ed en la tierra, para perdonar los pecados?<\/p>\n\n\n\n<p class=\"p1\">De nueva cuenta, un murmullo se extendi\u00f3 entre los presentes. Tendr\u00eda que hacerlo. Ya no hab\u00eda marcha atr\u00e1s. Despu\u00e9s, podr\u00eda descansar los pies y lavarse.<\/p>\n\n\n\n<p class=\"p1\">Volvi\u00f3 a quedar de perfil hacia los reunidos y se concentr\u00f3. Y sinti\u00f3 miedo, aunque no lo demostr\u00f3. Nunca lo demostraba; no pod\u00eda hacerlo. Si era un ejemplo a seguir, ten\u00eda que mantener la serenidad y la cordura. Era piedra, aunque fuera \u00e1rbol. Era un lago, aunque en realidad era la tormenta en el mar. Deb\u00eda ser un seto, aunque sintiera un enorme desierto en su interior. Y, en ese momento, se intern\u00f3 en ese desierto, y se vio a s\u00ed mismo, sin saber si era un espejismo.<\/p>\n\n\n\n<p class=\"p1\">Siempre que estaba all\u00ed, tem\u00eda que ese \u00abotro yo\u00bb se alejara y lo dejara solo, solo en ese mundo incomprensible, salvaje y que deb\u00eda amar.<\/p>\n\n\n\n<p class=\"p1\">Se mir\u00f3 a los ojos, en el amplio desierto. Se devolvi\u00f3 una sonrisa y ahond\u00f3 en en su vac\u00edo interior.<\/p>\n\n\n\n<p class=\"p1\">Mir\u00f3 tambi\u00e9n en el todo exterior y volvi\u00f3 a sentir miedo. El espejismo dio un paso hacia atr\u00e1s, \u00c9l dio un paso hacia adelante. El espejismo dio un paso hacia adelante y \u00c9l dio uno hacia atr\u00e1s. En el desierto era de d\u00eda y tambi\u00e9n era de noche. Y estaba acompa\u00f1ado, pero estaba solo.<\/p>\n\n\n\n<p class=\"p1\">En realidad, estaba solo.<\/p>\n\n\n\n<p class=\"p1\">Nadie m\u00e1s not\u00f3 que la mano le temblaba y que, cuando pronunci\u00f3 las palabras, la voz le flanque\u00f3 solo un instante, el suficiente como para sentir el cuerpo m\u00e1s pesado. Volv\u00eda a tener sed.<\/p>\n\n\n\n<p class=\"p1\">\u00bfPor qu\u00e9 la sed era tan recurrente? Y el sue\u00f1o, y el hambre y tantas ideas y sentimientos y emociones y todo eso que se juntaba en su interior y que lo hacia querer gritar. Lo hab\u00eda hecho. Se hab\u00eda alejado, alguna ocasi\u00f3n y hab\u00eda subido a un monte, solo para gritar, gritar su nombre y nada m\u00e1s. Si hab\u00eda llorado eso solo le correspond\u00eda a \u00c9l saberlo.&nbsp;<\/p>\n\n\n\n<p class=\"p1\">\u2014Lev\u00e1ntate \u2014pronunci\u00f3, su voz nubes, luego tormenta, diluvio\u2014. Lev\u00e1ntate, toma tu camilla y vete a tu casa.<\/p>\n\n\n\n<p class=\"p1\">Convicci\u00f3n. Lo dijo como una orden, no como una petici\u00f3n ni como un favor. Lo dijo con la certeza de que suceder\u00eda; con la autoridad que le confer\u00eda su propio miedo, su valent\u00eda, porque para ser valiente hace falta sentir temor. \u00bfA qu\u00e9 pod\u00eda temerle, \u00c9l? Tal vez a la soledad. Al abandono. Al amar demasiado. Al equivocarse. Cada que se lo preguntaba, en las noches que abria los ojos en la oscuridad, siempre se encontraba<\/p>\n\n\n\n<p class=\"p1\">as\u00ed: solo.<\/p>\n\n\n\n<p class=\"p1\">Hubo un momento de silencio antes de que el paral\u00edtico se pusiera en pie. Flexion\u00f3 una rodilla, luego la otra. Se incorpor\u00f3 ayudado por el Hombre cansado y sediento, tom\u00f3 su camilla y sali\u00f3 por la puerta, ante la vista de todos.<\/p>\n\n\n\n<p class=\"p1\">\u2014iNunca hab\u00edamos visto nada como esto \u2014exclam\u00f3 alguien. No, Por supuesto que no lo hab\u00edan hecho.<\/p>\n\n\n\n<p class=\"p1\">All\u00ed, en Cafarna\u00fam, Jes\u00fas permaneci\u00f3 de pie, con la mano un poco m\u00e1s firme, un poco menos agotado, pero todav\u00eda sediento.<\/p>\n\n\n\n<p>Al menos, por ahora, no lo hab\u00edan abandonado.<\/p>\n","protected":false},"excerpt":{"rendered":"<p>Mi relaci\u00f3n con los temas religiosos es compleja y no profundizar\u00e9 en ella en esta entrada de blog, pero, como ya dije, siento una fascinaci\u00f3n por ellos. En alg\u00fan momento me plante\u00e9 escribir un libro sobre la vida de Jes\u00fas de Nazaret visto como un hombre\u2026<\/p>\n","protected":false},"author":2,"featured_media":0,"comment_status":"closed","ping_status":"","sticky":false,"template":"","format":"standard","meta":{"_jetpack_memberships_contains_paid_content":false,"footnotes":"","jetpack_publicize_message":"FASCINACI\u00d3N; \u00abSOLEDAD\u00bb","jetpack_publicize_feature_enabled":true,"jetpack_social_post_already_shared":true,"jetpack_social_options":{"image_generator_settings":{"template":"highway","default_image_id":0,"font":"","enabled":false},"version":2}},"categories":[1],"tags":[3],"class_list":["post-334","post","type-post","status-publish","format-standard","hentry","category-uncategorized","tag-relatos"],"yoast_head":"<!-- This site is optimized with the Yoast SEO plugin v27.4 - https:\/\/yoast.com\/product\/yoast-seo-wordpress\/ -->\n<title>FASCINACI\u00d3N; \u00abSOLEDAD\u00bb - a la deriva<\/title>\n<meta name=\"robots\" content=\"index, follow, max-snippet:-1, max-image-preview:large, max-video-preview:-1\" \/>\n<link rel=\"canonical\" href=\"https:\/\/aladeriva.bluezone.mx\/index.php\/2026\/03\/09\/fascinacion-soledad-historia\/\" \/>\n<meta property=\"og:locale\" content=\"es_MX\" \/>\n<meta property=\"og:type\" content=\"article\" \/>\n<meta property=\"og:title\" content=\"FASCINACI\u00d3N; \u00abSOLEDAD\u00bb - a la deriva\" \/>\n<meta property=\"og:description\" content=\"Mi relaci\u00f3n con los temas religiosos es compleja y no profundizar\u00e9 en ella en esta entrada de blog, pero, como ya dije, siento una fascinaci\u00f3n por ellos. En alg\u00fan momento me plante\u00e9 escribir un libro sobre la vida de Jes\u00fas de Nazaret visto como un hombre\u2026\" \/>\n<meta property=\"og:url\" content=\"https:\/\/aladeriva.bluezone.mx\/index.php\/2026\/03\/09\/fascinacion-soledad-historia\/\" \/>\n<meta property=\"og:site_name\" content=\"a la deriva\" \/>\n<meta property=\"article:published_time\" content=\"2026-03-09T03:06:28+00:00\" \/>\n<meta property=\"article:modified_time\" content=\"2026-03-09T03:15:09+00:00\" \/>\n<meta name=\"author\" content=\"Kevin\" \/>\n<meta name=\"twitter:card\" content=\"summary_large_image\" \/>\n<meta name=\"twitter:label1\" content=\"Escrito por\" \/>\n\t<meta name=\"twitter:data1\" content=\"Kevin\" \/>\n\t<meta name=\"twitter:label2\" content=\"Tiempo de lectura\" \/>\n\t<meta name=\"twitter:data2\" content=\"10 minutos\" \/>\n<script type=\"application\/ld+json\" class=\"yoast-schema-graph\">{\"@context\":\"https:\\\/\\\/schema.org\",\"@graph\":[{\"@type\":\"Article\",\"@id\":\"https:\\\/\\\/aladeriva.bluezone.mx\\\/index.php\\\/2026\\\/03\\\/09\\\/fascinacion-soledad-historia\\\/#article\",\"isPartOf\":{\"@id\":\"https:\\\/\\\/aladeriva.bluezone.mx\\\/index.php\\\/2026\\\/03\\\/09\\\/fascinacion-soledad-historia\\\/\"},\"author\":{\"name\":\"Kevin\",\"@id\":\"https:\\\/\\\/aladeriva.bluezone.mx\\\/#\\\/schema\\\/person\\\/660be473e5b24b52dcf29b3d2fe65a09\"},\"headline\":\"FASCINACI\u00d3N; \u00abSOLEDAD\u00bb\",\"datePublished\":\"2026-03-09T03:06:28+00:00\",\"dateModified\":\"2026-03-09T03:15:09+00:00\",\"mainEntityOfPage\":{\"@id\":\"https:\\\/\\\/aladeriva.bluezone.mx\\\/index.php\\\/2026\\\/03\\\/09\\\/fascinacion-soledad-historia\\\/\"},\"wordCount\":2079,\"keywords\":[\"relatos\"],\"articleSection\":[\"Uncategorized\"],\"inLanguage\":\"es\"},{\"@type\":\"WebPage\",\"@id\":\"https:\\\/\\\/aladeriva.bluezone.mx\\\/index.php\\\/2026\\\/03\\\/09\\\/fascinacion-soledad-historia\\\/\",\"url\":\"https:\\\/\\\/aladeriva.bluezone.mx\\\/index.php\\\/2026\\\/03\\\/09\\\/fascinacion-soledad-historia\\\/\",\"name\":\"FASCINACI\u00d3N; \u00abSOLEDAD\u00bb - a la deriva\",\"isPartOf\":{\"@id\":\"https:\\\/\\\/aladeriva.bluezone.mx\\\/#website\"},\"datePublished\":\"2026-03-09T03:06:28+00:00\",\"dateModified\":\"2026-03-09T03:15:09+00:00\",\"author\":{\"@id\":\"https:\\\/\\\/aladeriva.bluezone.mx\\\/#\\\/schema\\\/person\\\/660be473e5b24b52dcf29b3d2fe65a09\"},\"breadcrumb\":{\"@id\":\"https:\\\/\\\/aladeriva.bluezone.mx\\\/index.php\\\/2026\\\/03\\\/09\\\/fascinacion-soledad-historia\\\/#breadcrumb\"},\"inLanguage\":\"es\",\"potentialAction\":[{\"@type\":\"ReadAction\",\"target\":[\"https:\\\/\\\/aladeriva.bluezone.mx\\\/index.php\\\/2026\\\/03\\\/09\\\/fascinacion-soledad-historia\\\/\"]}]},{\"@type\":\"BreadcrumbList\",\"@id\":\"https:\\\/\\\/aladeriva.bluezone.mx\\\/index.php\\\/2026\\\/03\\\/09\\\/fascinacion-soledad-historia\\\/#breadcrumb\",\"itemListElement\":[{\"@type\":\"ListItem\",\"position\":1,\"name\":\"Inicio\",\"item\":\"https:\\\/\\\/aladeriva.bluezone.mx\\\/\"},{\"@type\":\"ListItem\",\"position\":2,\"name\":\"FASCINACI\u00d3N; \u00abSOLEDAD\u00bb\"}]},{\"@type\":\"WebSite\",\"@id\":\"https:\\\/\\\/aladeriva.bluezone.mx\\\/#website\",\"url\":\"https:\\\/\\\/aladeriva.bluezone.mx\\\/\",\"name\":\"a la deriva\",\"description\":\"todos nos hemos sentido a la deriva.\",\"potentialAction\":[{\"@type\":\"SearchAction\",\"target\":{\"@type\":\"EntryPoint\",\"urlTemplate\":\"https:\\\/\\\/aladeriva.bluezone.mx\\\/?s={search_term_string}\"},\"query-input\":{\"@type\":\"PropertyValueSpecification\",\"valueRequired\":true,\"valueName\":\"search_term_string\"}}],\"inLanguage\":\"es\"},{\"@type\":\"Person\",\"@id\":\"https:\\\/\\\/aladeriva.bluezone.mx\\\/#\\\/schema\\\/person\\\/660be473e5b24b52dcf29b3d2fe65a09\",\"name\":\"Kevin\",\"image\":{\"@type\":\"ImageObject\",\"inLanguage\":\"es\",\"@id\":\"https:\\\/\\\/secure.gravatar.com\\\/avatar\\\/77cc5de580d8805fccbd8e8c79eaf44ace984071f20607d78e09223edbcb3e5f?s=96&d=mm&r=g\",\"url\":\"https:\\\/\\\/secure.gravatar.com\\\/avatar\\\/77cc5de580d8805fccbd8e8c79eaf44ace984071f20607d78e09223edbcb3e5f?s=96&d=mm&r=g\",\"contentUrl\":\"https:\\\/\\\/secure.gravatar.com\\\/avatar\\\/77cc5de580d8805fccbd8e8c79eaf44ace984071f20607d78e09223edbcb3e5f?s=96&d=mm&r=g\",\"caption\":\"Kevin\"},\"url\":\"https:\\\/\\\/aladeriva.bluezone.mx\\\/index.php\\\/author\\\/kevin\\\/\"}]}<\/script>\n<!-- \/ Yoast SEO plugin. -->","yoast_head_json":{"title":"FASCINACI\u00d3N; \u00abSOLEDAD\u00bb - a la deriva","robots":{"index":"index","follow":"follow","max-snippet":"max-snippet:-1","max-image-preview":"max-image-preview:large","max-video-preview":"max-video-preview:-1"},"canonical":"https:\/\/aladeriva.bluezone.mx\/index.php\/2026\/03\/09\/fascinacion-soledad-historia\/","og_locale":"es_MX","og_type":"article","og_title":"FASCINACI\u00d3N; \u00abSOLEDAD\u00bb - a la deriva","og_description":"Mi relaci\u00f3n con los temas religiosos es compleja y no profundizar\u00e9 en ella en esta entrada de blog, pero, como ya dije, siento una fascinaci\u00f3n por ellos. En alg\u00fan momento me plante\u00e9 escribir un libro sobre la vida de Jes\u00fas de Nazaret visto como un hombre\u2026","og_url":"https:\/\/aladeriva.bluezone.mx\/index.php\/2026\/03\/09\/fascinacion-soledad-historia\/","og_site_name":"a la deriva","article_published_time":"2026-03-09T03:06:28+00:00","article_modified_time":"2026-03-09T03:15:09+00:00","author":"Kevin","twitter_card":"summary_large_image","twitter_misc":{"Escrito por":"Kevin","Tiempo de lectura":"10 minutos"},"schema":{"@context":"https:\/\/schema.org","@graph":[{"@type":"Article","@id":"https:\/\/aladeriva.bluezone.mx\/index.php\/2026\/03\/09\/fascinacion-soledad-historia\/#article","isPartOf":{"@id":"https:\/\/aladeriva.bluezone.mx\/index.php\/2026\/03\/09\/fascinacion-soledad-historia\/"},"author":{"name":"Kevin","@id":"https:\/\/aladeriva.bluezone.mx\/#\/schema\/person\/660be473e5b24b52dcf29b3d2fe65a09"},"headline":"FASCINACI\u00d3N; \u00abSOLEDAD\u00bb","datePublished":"2026-03-09T03:06:28+00:00","dateModified":"2026-03-09T03:15:09+00:00","mainEntityOfPage":{"@id":"https:\/\/aladeriva.bluezone.mx\/index.php\/2026\/03\/09\/fascinacion-soledad-historia\/"},"wordCount":2079,"keywords":["relatos"],"articleSection":["Uncategorized"],"inLanguage":"es"},{"@type":"WebPage","@id":"https:\/\/aladeriva.bluezone.mx\/index.php\/2026\/03\/09\/fascinacion-soledad-historia\/","url":"https:\/\/aladeriva.bluezone.mx\/index.php\/2026\/03\/09\/fascinacion-soledad-historia\/","name":"FASCINACI\u00d3N; \u00abSOLEDAD\u00bb - a la deriva","isPartOf":{"@id":"https:\/\/aladeriva.bluezone.mx\/#website"},"datePublished":"2026-03-09T03:06:28+00:00","dateModified":"2026-03-09T03:15:09+00:00","author":{"@id":"https:\/\/aladeriva.bluezone.mx\/#\/schema\/person\/660be473e5b24b52dcf29b3d2fe65a09"},"breadcrumb":{"@id":"https:\/\/aladeriva.bluezone.mx\/index.php\/2026\/03\/09\/fascinacion-soledad-historia\/#breadcrumb"},"inLanguage":"es","potentialAction":[{"@type":"ReadAction","target":["https:\/\/aladeriva.bluezone.mx\/index.php\/2026\/03\/09\/fascinacion-soledad-historia\/"]}]},{"@type":"BreadcrumbList","@id":"https:\/\/aladeriva.bluezone.mx\/index.php\/2026\/03\/09\/fascinacion-soledad-historia\/#breadcrumb","itemListElement":[{"@type":"ListItem","position":1,"name":"Inicio","item":"https:\/\/aladeriva.bluezone.mx\/"},{"@type":"ListItem","position":2,"name":"FASCINACI\u00d3N; \u00abSOLEDAD\u00bb"}]},{"@type":"WebSite","@id":"https:\/\/aladeriva.bluezone.mx\/#website","url":"https:\/\/aladeriva.bluezone.mx\/","name":"a la deriva","description":"todos nos hemos sentido a la deriva.","potentialAction":[{"@type":"SearchAction","target":{"@type":"EntryPoint","urlTemplate":"https:\/\/aladeriva.bluezone.mx\/?s={search_term_string}"},"query-input":{"@type":"PropertyValueSpecification","valueRequired":true,"valueName":"search_term_string"}}],"inLanguage":"es"},{"@type":"Person","@id":"https:\/\/aladeriva.bluezone.mx\/#\/schema\/person\/660be473e5b24b52dcf29b3d2fe65a09","name":"Kevin","image":{"@type":"ImageObject","inLanguage":"es","@id":"https:\/\/secure.gravatar.com\/avatar\/77cc5de580d8805fccbd8e8c79eaf44ace984071f20607d78e09223edbcb3e5f?s=96&d=mm&r=g","url":"https:\/\/secure.gravatar.com\/avatar\/77cc5de580d8805fccbd8e8c79eaf44ace984071f20607d78e09223edbcb3e5f?s=96&d=mm&r=g","contentUrl":"https:\/\/secure.gravatar.com\/avatar\/77cc5de580d8805fccbd8e8c79eaf44ace984071f20607d78e09223edbcb3e5f?s=96&d=mm&r=g","caption":"Kevin"},"url":"https:\/\/aladeriva.bluezone.mx\/index.php\/author\/kevin\/"}]}},"jetpack_publicize_connections":[],"jetpack_featured_media_url":"","jetpack_sharing_enabled":true,"_links":{"self":[{"href":"https:\/\/aladeriva.bluezone.mx\/index.php\/wp-json\/wp\/v2\/posts\/334","targetHints":{"allow":["GET"]}}],"collection":[{"href":"https:\/\/aladeriva.bluezone.mx\/index.php\/wp-json\/wp\/v2\/posts"}],"about":[{"href":"https:\/\/aladeriva.bluezone.mx\/index.php\/wp-json\/wp\/v2\/types\/post"}],"author":[{"embeddable":true,"href":"https:\/\/aladeriva.bluezone.mx\/index.php\/wp-json\/wp\/v2\/users\/2"}],"replies":[{"embeddable":true,"href":"https:\/\/aladeriva.bluezone.mx\/index.php\/wp-json\/wp\/v2\/comments?post=334"}],"version-history":[{"count":3,"href":"https:\/\/aladeriva.bluezone.mx\/index.php\/wp-json\/wp\/v2\/posts\/334\/revisions"}],"predecessor-version":[{"id":337,"href":"https:\/\/aladeriva.bluezone.mx\/index.php\/wp-json\/wp\/v2\/posts\/334\/revisions\/337"}],"wp:attachment":[{"href":"https:\/\/aladeriva.bluezone.mx\/index.php\/wp-json\/wp\/v2\/media?parent=334"}],"wp:term":[{"taxonomy":"category","embeddable":true,"href":"https:\/\/aladeriva.bluezone.mx\/index.php\/wp-json\/wp\/v2\/categories?post=334"},{"taxonomy":"post_tag","embeddable":true,"href":"https:\/\/aladeriva.bluezone.mx\/index.php\/wp-json\/wp\/v2\/tags?post=334"}],"curies":[{"name":"wp","href":"https:\/\/api.w.org\/{rel}","templated":true}]}}