{"id":319,"date":"2025-04-24T15:26:59","date_gmt":"2025-04-24T15:26:59","guid":{"rendered":"https:\/\/aladeriva.bluezone.mx\/index.php\/2025\/04\/24\/todos-estamos-locos-no-eres-tan-especial\/"},"modified":"2025-04-24T15:26:59","modified_gmt":"2025-04-24T15:26:59","slug":"todos-estamos-locos-no-eres-tan-especial","status":"publish","type":"post","link":"https:\/\/aladeriva.bluezone.mx\/index.php\/2025\/04\/24\/todos-estamos-locos-no-eres-tan-especial\/","title":{"rendered":"Todos estamos locos, no eres tan especial"},"content":{"rendered":"\n<p class=\"p1\">Hace tiempo, Nady me introdujo a una de las series musicales m\u00e1s divertidas y, de cierto modo, m\u00e1s profundas que he visto: &#8220;Crazy ex-girlfriend&#8221;. Me encantar\u00eda ahondar en la tem\u00e1tica del programa, sin embargo, es una de esas historias que tienes que ver para disfrutarla, y la de &#8220;Crazy ex-girlfriend&#8221; no es una experiencia que te quiera arruinar.&nbsp;<\/p>\n\n\n\n<p class=\"p1\">\u00bfPor qu\u00e9 hablo de esta serie? Porque, entre todas sus canciones, hay una que, para m\u00ed, destaca: &#8220;Anti-Depressants Are So Not A Big Deal&#8221; (\u00abLos Antidepresivos No Son La Gran Cosa\u00bb). En particular, checa esta parte:<\/p>\n\n\n\n<p class=\"p1\"><em>From the moment that we learn to walk and speak \/ Our parents tell us everyone&#8217;s unique \/ Now, I\u2019m not saying that advice is bad \/ But honey, you&#8217;re not special &#8216;cause you\u2019re sad.<\/em><\/p>\n\n\n\n<p class=\"p1\">Ahora, en espa\u00f1ol: <em>Desde el momento en el que aprendemos a caminar y hablar&nbsp;\/ Nuestros padres nos dicen que todos somos \u00fanicos \/ No digo que sea un mal consejo&nbsp;\/ Pero, cari\u00f1o, no eres especial por estar triste.<\/em><\/p>\n\n\n\n<p class=\"p1\">Ese, en esencia, es el tema que quiero explorar hoy: no eres especial por estar triste. Y lo digo de la mejor manera posible. Vaya, que otra manera de enunciarlo ser\u00eda: no est\u00e1s solo en esto. Sea por la raz\u00f3n que sea, todav\u00eda hay personas all\u00e1 afuera que se niegan a entrar en el maravilloso mundo de los medicamentos psiqui\u00e1tricos. Aunque, al menos, en 2025, no es algo raro \u2014hablando, por supuesto, desde mi posici\u00f3n en la sociedad y la de las personas que me rodean.<\/p>\n\n\n\n<p class=\"p1\">La otra noche unos amigos me dieron avent\u00f3n a mi casa y empezamos a hablar de antidepresivos y ansiol\u00edticos. Qu\u00e9 toma cada uno, c\u00f3mo fue el proceso de adaptaci\u00f3n y todos esos pormenores que si has ido al psiquiatra ya conoces. Hace poco me cambiaron la medicina que tomaba \u2014adi\u00f3s Concerta y Fluoxetina\u2014 por una que hace el proceso de combatir la depresi\u00f3n mucho m\u00e1s sencillo: ya solo tengo que ingerir una pastilla en la ma\u00f1ana. Y ya no hay efectos secundarios, como suced\u00eda con el Concerta, que me quitaba el apetito y me hac\u00eda sentir un poco ansioso. Tampoco noto muchos cambios, pero, ese no es el punto ahora mismo.&nbsp;<\/p>\n\n\n\n<p class=\"p1\">Vivimos en una \u00e9poca en la que, o la gente va m\u00e1s a consultas por cuestiones mentales, o el mundo nos consume con mucha m\u00e1s brutalidad: de acuerdo a datos de una investigaci\u00f3n encontrada en el sitio scielo.org, entre 2019 y 2021, hubo un aumento del 15.4 % en el n\u00famero de personas que presentaba alg\u00fan trastorno mental \u201418.1 millones en total. Cosa de la Pandemia, quiz\u00e1.&nbsp;<\/p>\n\n\n\n<p class=\"p1\">Con una \u00abb\u00fasqueda r\u00e1pida\u00bb, no encontr\u00e9 datos exactos de la cantidad de mexicanos que consumen f\u00e1rmacos prescritos para tratar padecimientos de la mente. El panorama global, sin embargo, s\u00ed ofrece algunos n\u00fameros con los que podemos jugar, y que indican la relaci\u00f3n inversamente proporcional entre los ingresos de un pa\u00eds y la cantidad de este tipo de medicinas que se consumen en \u00e9l: en naciones de altos ingresos se inger\u00edan 123.61 Dosis Diarias Definidas (DDD) por cada 1000 habitantes. Esta cifra disminuye considerablemente en pa\u00edses de ingresos medios (13.52 DDD) y termina siendo muy peque\u00f1a en territorios de ingresos bajos (6.77 DDD). En parte, doy por hecho que tiene que ver con que las pastillas para mover los qu\u00edmicos de tu cerebro no siempre son baratas ni parecen una prioridad ante problemas m\u00e1s tangibles. Hasta all\u00ed mis inferencias.&nbsp;<\/p>\n\n\n\n<p class=\"p1\">Empero, las razones por las cuales una persona no querr\u00eda acercarse a este tipo de ayuda son variadas. De entrada, y siguiendo el hilo del p\u00e1rrafo anterior, tenemos el dinero. Hasta antes de que me cambiaran las pastillas, el Concerta me costaba cerca de $3,000 MXN al mes. No es un f\u00e1rmaco muy amigable con la cartera promedio.<\/p>\n\n\n\n<p class=\"p1\">Fuentes variadas se\u00f1alan que otros de los motivos son estigmas sociales y culturales, una preferencia de las personas de \u00abresolverlo por su cuenta\u00bb, el miedo a los tratamientos (cuestionarse su eficacia o temor a volverse dependiente), falta de informaci\u00f3n sobre salud mental y limitaciones en los recursos de salud p\u00fablica \u2014\u00bfo privada?<\/p>\n\n\n\n<p class=\"p1\">Desde motivos infranqueables hasta estigmas rid\u00edculos, me desv\u00edo un poco de la supuesta objetividad para escribir desde lo m\u00e1s profundo de mi coraz\u00f3n: si lo necesitas y tienes la posibilidad, no seas necio\/a\/e. Ve a una maldita consulta y m\u00e9tete las pastillas por la garganta. Poco hay peor que vivir luchando contra lo que vive en tu cabeza: lo intangible es complejo de controlar. Una pierna engangrenada se amputa. Una mente corrupta \u2014por hacerlo sonar dram\u00e1tico\u2014 est\u00e1 destinada a perderse en s\u00ed misma.<\/p>\n\n\n\n<p class=\"p1\">Muchas personas crecen sin acercarse de manera directa a los trastornos mentales ni a la idea de visitar un psic\u00f3logo o un psiquiatra. No es un lavado de cerebro ni te cambia la personalidad. En mi experiencia, visitar a estos profesionales es reconfortante. Soy alguien a quien le gusta hablar y hacer una especie de absurda ret\u00f3rica c\u00f3mica. O tal vez solo encuentro placer en llevar la contraria. Sea cual sea la raz\u00f3n, le sacaba algunas risas a la psic\u00f3loga \u2014lo retomar\u00e9 pronto, espero\u2014, pensaba en mis problemas desde otro \u00e1ngulo, no hac\u00eda las tareas y eso era suficiente para estar estable. Un poco m\u00e1s feliz.&nbsp;<\/p>\n\n\n\n<p class=\"p1\">Los n\u00fameros todav\u00eda no est\u00e1n tan altos como podr\u00edan, claro. Pero ah\u00ed van. Pasito a pasito, suave, suavecito. En Alemania, de 1990 a 2020, hablar de padecimientos como la depresi\u00f3n y esquizofrenia se ha vuelto m\u00e1s com\u00fan, lo mismo que buscar ayuda. En Inglaterra, de 2018 al 2024, la preocupaci\u00f3n por los trastornos mentales super\u00f3 la preocupaci\u00f3n por el c\u00e1ncer o la diabetes como uno de los principales temas de salud \u2014con lo cual no s\u00e9 c\u00f3mo sentirme; cada padecimiento tiene su propio grado de alerta.&nbsp;<\/p>\n\n\n\n<p class=\"p1\">De acuerdo a la OMS \u2014Organizaci\u00f3n Mundial de la Salud\u2014 alrededor de 970 millones de personas alrededor del mundo viven con un trastorno mental, y los m\u00e1s comunes son la depresi\u00f3n y la ansiedad. Si quieres ponerlo en perspectiva: se necesitar\u00edan 11,149 Estadios Azteca para acomodar a tal cantidad de gente.<\/p>\n\n\n\n<p class=\"p1\">Estar \u00abtriste\u00bb es com\u00fan. Estar ansioso tambi\u00e9n. Profesores, directores de cine y teatro, antrop\u00f3logos, dise\u00f1adores gr\u00e1ficos y animadores, vide\u00f3grafos, psic\u00f3logos y baristas, actores, actrices, estudiantes, ingenieros, inspectores, editores\u2026 A todos les sucede, y muchos de ellos\/as\/es est\u00e1n con f\u00e1rmacos.&nbsp;<\/p>\n\n\n\n<p class=\"p1\">Si todav\u00eda no est\u00e1s seguro\/a\/e, te abro la puerta. Es divertido. Te da algo interesante con lo que hacer chistes.<\/p>\n\n\n\n<hr class=\"wp-block-separator has-alpha-channel-opacity\"\/>\n\n\n\n<p class=\"p1\"><strong>Nota adicional:<\/strong> No pretendo que el t\u00edtulo del texto sea ofensivo ni demeritar lo que cada individuo siente con respecto a su salud mental. Cada caso es distinto y debe ser puesto en el contexto de cada paciente. Tener alg\u00fan trastorno mental s\u00ed te hace \u00abespecial\u00bb, tanto como lo har\u00eda cualquier otro padecimiento que requiera atenci\u00f3n, sea f\u00edsico o mental. El t\u00edtulo es una pulla hacia esas personas que teniendo la posibilidad, y por algunas las causas ya se\u00f1aladas, eligen de manera libre no buscar ayuda.&nbsp;<\/p>\n\n\n\n<p class=\"p1\"><strong>Nota adicional 2:<\/strong> Porque soy una persona decente, aqu\u00ed abajo te dejo algunas de las fuentes que se consultaron para escribir este texto. Digo \u00abse consultaron\u00bb porque me apoy\u00e9 en inteligencias artificiales para encontrarlas y sacar los datos que quer\u00eda exponer. Pero, nada de aqu\u00ed me lo invent\u00e9, y puedes echarles un ojo: <\/p>\n\n\n\n<ul class=\"wp-block-list ul1\">\n<li><a href=\"https:\/\/elpais.com\/mexico\/2021-02-26\/la-pandemia-duplica-el-consumo-de-antidepresivos-y-ansioliticos-en-mexico.html?utm_source=chatgpt.com\">https:\/\/elpais.com\/mexico\/2021-02-26\/la-pandemia-duplica-el-consumo-de-antidepresivos-y-ansioliticos-en-mexico.html?utm_source=chatgpt.com<\/a><\/li>\n\n\n\n<li><a href=\"https:\/\/www.scielo.org.mx\/scielo.php?pid=S0016-38132023000600527&amp;script=sci_arttext&amp;utm_source=chatgpt.com\">https:\/\/www.scielo.org.mx\/scielo.php?pid=S0016-38132023000600527&amp;script=sci_arttext&amp;utm_source=chatgpt.com<\/a><\/li>\n\n\n\n<li><a href=\"https:\/\/pmc.ncbi.nlm.nih.gov\/articles\/PMC9766760\/?utm_source=chatgpt.com\">https:\/\/pmc.ncbi.nlm.nih.gov\/articles\/PMC9766760\/?utm_source=chatgpt.com<\/a><\/li>\n\n\n\n<li><a href=\"https:\/\/journals.sagepub.com\/doi\/10.1177\/17579759231204357?icid=int.sj-full-text.similar-articles.4&amp;utm_source=chatgpt.com\">https:\/\/journals.sagepub.com\/doi\/10.1177\/17579759231204357?icid=int.sj-full-text.similar-articles.4&amp;utm_source=chatgpt.com<\/a><\/li>\n\n\n\n<li><a href=\"https:\/\/bmcpublichealth.biomedcentral.com\/articles\/10.1186\/s12889-024-20533-6?utm_source=chatgpt.com\">https:\/\/bmcpublichealth.biomedcentral.com\/articles\/10.1186\/s12889-024-20533-6?utm_source=chatgpt.com<\/a><\/li>\n\n\n\n<li><a href=\"https:\/\/en.wikipedia.org\/wiki\/Mental_health_literacy?utm_source=chatgpt.com\">https:\/\/en.wikipedia.org\/wiki\/Mental_health_literacy?utm_source=chatgpt.com<\/a><\/li>\n\n\n\n<li><a href=\"https:\/\/pmc.ncbi.nlm.nih.gov\/articles\/PMC5411288\/?utm_source=chatgpt.com\">https:\/\/pmc.ncbi.nlm.nih.gov\/articles\/PMC5411288\/?utm_source=chatgpt.com<\/a><\/li>\n\n\n\n<li><a href=\"https:\/\/pmc.ncbi.nlm.nih.gov\/articles\/PMC9971855\/?utm_source=chatgpt.com\">https:\/\/pmc.ncbi.nlm.nih.gov\/articles\/PMC9971855\/?utm_source=chatgpt.com<\/a><\/li>\n\n\n\n<li><a href=\"https:\/\/www.theguardian.com\/society\/2024\/sep\/20\/mental-health-overtakes-cancer-and-obesity-as-britons-biggest-health-worry?utm_source=chatgpt.com\">https:\/\/www.theguardian.com\/society\/2024\/sep\/20\/mental-health-overtakes-cancer-and-obesity-as-britons-biggest-health-worry?utm_source=chatgpt.com<\/a><\/li>\n\n\n\n<li><a href=\"https:\/\/www.who.int\/health-topics\/mental-health?utm_source=chatgpt.com\">https:\/\/www.who.int\/health-topics\/mental-health?utm_source=chatgpt.com<\/a><\/li>\n<\/ul>\n","protected":false},"excerpt":{"rendered":"<p>Hace tiempo, Nady me introdujo a una de las series musicales m\u00e1s divertidas y, de cierto modo, m\u00e1s profundas que he visto: &#8220;Crazy ex-girlfriend&#8221;. Me encantar\u00eda ahondar en la tem\u00e1tica del programa, sin embargo, es una de esas historias que tienes que ver para disfrutarla, y la de &#8220;Crazy ex-girlfriend&#8221; no es una experiencia que&#8230;<\/p>\n","protected":false},"author":2,"featured_media":0,"comment_status":"","ping_status":"open","sticky":false,"template":"","format":"standard","meta":{"_jetpack_memberships_contains_paid_content":false,"footnotes":"","jetpack_publicize_message":"","jetpack_publicize_feature_enabled":true,"jetpack_social_post_already_shared":true,"jetpack_social_options":{"image_generator_settings":{"template":"highway","default_image_id":0,"font":"","enabled":false},"version":2}},"categories":[6],"tags":[11,13,14],"class_list":["post-319","post","type-post","status-publish","format-standard","hentry","category-blog","tag-blog","tag-la-mente","tag-salud-mental"],"yoast_head":"<!-- This site is optimized with the Yoast SEO plugin v27.5 - https:\/\/yoast.com\/product\/yoast-seo-wordpress\/ -->\n<title>Todos estamos locos, no eres tan especial - a la deriva<\/title>\n<meta name=\"robots\" content=\"index, follow, max-snippet:-1, max-image-preview:large, max-video-preview:-1\" \/>\n<link rel=\"canonical\" href=\"https:\/\/aladeriva.bluezone.mx\/index.php\/2025\/04\/24\/todos-estamos-locos-no-eres-tan-especial\/\" \/>\n<meta property=\"og:locale\" content=\"es_MX\" \/>\n<meta property=\"og:type\" content=\"article\" \/>\n<meta property=\"og:title\" content=\"Todos estamos locos, no eres tan especial - a la deriva\" \/>\n<meta property=\"og:description\" content=\"Hace tiempo, Nady me introdujo a una de las series musicales m\u00e1s divertidas y, de cierto modo, m\u00e1s profundas que he visto: &#8220;Crazy ex-girlfriend&#8221;. Me encantar\u00eda ahondar en la tem\u00e1tica del programa, sin embargo, es una de esas historias que tienes que ver para disfrutarla, y la de &#8220;Crazy ex-girlfriend&#8221; no es una experiencia que...\" \/>\n<meta property=\"og:url\" content=\"https:\/\/aladeriva.bluezone.mx\/index.php\/2025\/04\/24\/todos-estamos-locos-no-eres-tan-especial\/\" \/>\n<meta property=\"og:site_name\" content=\"a la deriva\" \/>\n<meta property=\"article:published_time\" content=\"2025-04-24T15:26:59+00:00\" \/>\n<meta name=\"author\" content=\"Kevin\" \/>\n<meta name=\"twitter:card\" content=\"summary_large_image\" \/>\n<meta name=\"twitter:label1\" content=\"Escrito por\" \/>\n\t<meta name=\"twitter:data1\" content=\"Kevin\" \/>\n\t<meta name=\"twitter:label2\" content=\"Tiempo de lectura\" \/>\n\t<meta name=\"twitter:data2\" content=\"7 minutos\" \/>\n<script type=\"application\/ld+json\" class=\"yoast-schema-graph\">{\"@context\":\"https:\\\/\\\/schema.org\",\"@graph\":[{\"@type\":\"Article\",\"@id\":\"https:\\\/\\\/aladeriva.bluezone.mx\\\/index.php\\\/2025\\\/04\\\/24\\\/todos-estamos-locos-no-eres-tan-especial\\\/#article\",\"isPartOf\":{\"@id\":\"https:\\\/\\\/aladeriva.bluezone.mx\\\/index.php\\\/2025\\\/04\\\/24\\\/todos-estamos-locos-no-eres-tan-especial\\\/\"},\"author\":{\"name\":\"Kevin\",\"@id\":\"https:\\\/\\\/aladeriva.bluezone.mx\\\/#\\\/schema\\\/person\\\/660be473e5b24b52dcf29b3d2fe65a09\"},\"headline\":\"Todos estamos locos, no eres tan especial\",\"datePublished\":\"2025-04-24T15:26:59+00:00\",\"mainEntityOfPage\":{\"@id\":\"https:\\\/\\\/aladeriva.bluezone.mx\\\/index.php\\\/2025\\\/04\\\/24\\\/todos-estamos-locos-no-eres-tan-especial\\\/\"},\"wordCount\":1427,\"keywords\":[\"Blog\",\"La Mente\",\"Salud Mental\"],\"articleSection\":[\"Blog\"],\"inLanguage\":\"es\"},{\"@type\":\"WebPage\",\"@id\":\"https:\\\/\\\/aladeriva.bluezone.mx\\\/index.php\\\/2025\\\/04\\\/24\\\/todos-estamos-locos-no-eres-tan-especial\\\/\",\"url\":\"https:\\\/\\\/aladeriva.bluezone.mx\\\/index.php\\\/2025\\\/04\\\/24\\\/todos-estamos-locos-no-eres-tan-especial\\\/\",\"name\":\"Todos estamos locos, no eres tan especial - a la deriva\",\"isPartOf\":{\"@id\":\"https:\\\/\\\/aladeriva.bluezone.mx\\\/#website\"},\"datePublished\":\"2025-04-24T15:26:59+00:00\",\"author\":{\"@id\":\"https:\\\/\\\/aladeriva.bluezone.mx\\\/#\\\/schema\\\/person\\\/660be473e5b24b52dcf29b3d2fe65a09\"},\"breadcrumb\":{\"@id\":\"https:\\\/\\\/aladeriva.bluezone.mx\\\/index.php\\\/2025\\\/04\\\/24\\\/todos-estamos-locos-no-eres-tan-especial\\\/#breadcrumb\"},\"inLanguage\":\"es\",\"potentialAction\":[{\"@type\":\"ReadAction\",\"target\":[\"https:\\\/\\\/aladeriva.bluezone.mx\\\/index.php\\\/2025\\\/04\\\/24\\\/todos-estamos-locos-no-eres-tan-especial\\\/\"]}]},{\"@type\":\"BreadcrumbList\",\"@id\":\"https:\\\/\\\/aladeriva.bluezone.mx\\\/index.php\\\/2025\\\/04\\\/24\\\/todos-estamos-locos-no-eres-tan-especial\\\/#breadcrumb\",\"itemListElement\":[{\"@type\":\"ListItem\",\"position\":1,\"name\":\"Inicio\",\"item\":\"https:\\\/\\\/aladeriva.bluezone.mx\\\/\"},{\"@type\":\"ListItem\",\"position\":2,\"name\":\"Todos estamos locos, no eres tan especial\"}]},{\"@type\":\"WebSite\",\"@id\":\"https:\\\/\\\/aladeriva.bluezone.mx\\\/#website\",\"url\":\"https:\\\/\\\/aladeriva.bluezone.mx\\\/\",\"name\":\"a la deriva\",\"description\":\"todos nos hemos sentido a la deriva.\",\"potentialAction\":[{\"@type\":\"SearchAction\",\"target\":{\"@type\":\"EntryPoint\",\"urlTemplate\":\"https:\\\/\\\/aladeriva.bluezone.mx\\\/?s={search_term_string}\"},\"query-input\":{\"@type\":\"PropertyValueSpecification\",\"valueRequired\":true,\"valueName\":\"search_term_string\"}}],\"inLanguage\":\"es\"},{\"@type\":\"Person\",\"@id\":\"https:\\\/\\\/aladeriva.bluezone.mx\\\/#\\\/schema\\\/person\\\/660be473e5b24b52dcf29b3d2fe65a09\",\"name\":\"Kevin\",\"image\":{\"@type\":\"ImageObject\",\"inLanguage\":\"es\",\"@id\":\"https:\\\/\\\/secure.gravatar.com\\\/avatar\\\/77cc5de580d8805fccbd8e8c79eaf44ace984071f20607d78e09223edbcb3e5f?s=96&d=mm&r=g\",\"url\":\"https:\\\/\\\/secure.gravatar.com\\\/avatar\\\/77cc5de580d8805fccbd8e8c79eaf44ace984071f20607d78e09223edbcb3e5f?s=96&d=mm&r=g\",\"contentUrl\":\"https:\\\/\\\/secure.gravatar.com\\\/avatar\\\/77cc5de580d8805fccbd8e8c79eaf44ace984071f20607d78e09223edbcb3e5f?s=96&d=mm&r=g\",\"caption\":\"Kevin\"},\"url\":\"https:\\\/\\\/aladeriva.bluezone.mx\\\/index.php\\\/author\\\/kevin\\\/\"}]}<\/script>\n<!-- \/ Yoast SEO plugin. -->","yoast_head_json":{"title":"Todos estamos locos, no eres tan especial - a la deriva","robots":{"index":"index","follow":"follow","max-snippet":"max-snippet:-1","max-image-preview":"max-image-preview:large","max-video-preview":"max-video-preview:-1"},"canonical":"https:\/\/aladeriva.bluezone.mx\/index.php\/2025\/04\/24\/todos-estamos-locos-no-eres-tan-especial\/","og_locale":"es_MX","og_type":"article","og_title":"Todos estamos locos, no eres tan especial - a la deriva","og_description":"Hace tiempo, Nady me introdujo a una de las series musicales m\u00e1s divertidas y, de cierto modo, m\u00e1s profundas que he visto: &#8220;Crazy ex-girlfriend&#8221;. Me encantar\u00eda ahondar en la tem\u00e1tica del programa, sin embargo, es una de esas historias que tienes que ver para disfrutarla, y la de &#8220;Crazy ex-girlfriend&#8221; no es una experiencia que...","og_url":"https:\/\/aladeriva.bluezone.mx\/index.php\/2025\/04\/24\/todos-estamos-locos-no-eres-tan-especial\/","og_site_name":"a la deriva","article_published_time":"2025-04-24T15:26:59+00:00","author":"Kevin","twitter_card":"summary_large_image","twitter_misc":{"Escrito por":"Kevin","Tiempo de lectura":"7 minutos"},"schema":{"@context":"https:\/\/schema.org","@graph":[{"@type":"Article","@id":"https:\/\/aladeriva.bluezone.mx\/index.php\/2025\/04\/24\/todos-estamos-locos-no-eres-tan-especial\/#article","isPartOf":{"@id":"https:\/\/aladeriva.bluezone.mx\/index.php\/2025\/04\/24\/todos-estamos-locos-no-eres-tan-especial\/"},"author":{"name":"Kevin","@id":"https:\/\/aladeriva.bluezone.mx\/#\/schema\/person\/660be473e5b24b52dcf29b3d2fe65a09"},"headline":"Todos estamos locos, no eres tan especial","datePublished":"2025-04-24T15:26:59+00:00","mainEntityOfPage":{"@id":"https:\/\/aladeriva.bluezone.mx\/index.php\/2025\/04\/24\/todos-estamos-locos-no-eres-tan-especial\/"},"wordCount":1427,"keywords":["Blog","La Mente","Salud Mental"],"articleSection":["Blog"],"inLanguage":"es"},{"@type":"WebPage","@id":"https:\/\/aladeriva.bluezone.mx\/index.php\/2025\/04\/24\/todos-estamos-locos-no-eres-tan-especial\/","url":"https:\/\/aladeriva.bluezone.mx\/index.php\/2025\/04\/24\/todos-estamos-locos-no-eres-tan-especial\/","name":"Todos estamos locos, no eres tan especial - a la deriva","isPartOf":{"@id":"https:\/\/aladeriva.bluezone.mx\/#website"},"datePublished":"2025-04-24T15:26:59+00:00","author":{"@id":"https:\/\/aladeriva.bluezone.mx\/#\/schema\/person\/660be473e5b24b52dcf29b3d2fe65a09"},"breadcrumb":{"@id":"https:\/\/aladeriva.bluezone.mx\/index.php\/2025\/04\/24\/todos-estamos-locos-no-eres-tan-especial\/#breadcrumb"},"inLanguage":"es","potentialAction":[{"@type":"ReadAction","target":["https:\/\/aladeriva.bluezone.mx\/index.php\/2025\/04\/24\/todos-estamos-locos-no-eres-tan-especial\/"]}]},{"@type":"BreadcrumbList","@id":"https:\/\/aladeriva.bluezone.mx\/index.php\/2025\/04\/24\/todos-estamos-locos-no-eres-tan-especial\/#breadcrumb","itemListElement":[{"@type":"ListItem","position":1,"name":"Inicio","item":"https:\/\/aladeriva.bluezone.mx\/"},{"@type":"ListItem","position":2,"name":"Todos estamos locos, no eres tan especial"}]},{"@type":"WebSite","@id":"https:\/\/aladeriva.bluezone.mx\/#website","url":"https:\/\/aladeriva.bluezone.mx\/","name":"a la deriva","description":"todos nos hemos sentido a la deriva.","potentialAction":[{"@type":"SearchAction","target":{"@type":"EntryPoint","urlTemplate":"https:\/\/aladeriva.bluezone.mx\/?s={search_term_string}"},"query-input":{"@type":"PropertyValueSpecification","valueRequired":true,"valueName":"search_term_string"}}],"inLanguage":"es"},{"@type":"Person","@id":"https:\/\/aladeriva.bluezone.mx\/#\/schema\/person\/660be473e5b24b52dcf29b3d2fe65a09","name":"Kevin","image":{"@type":"ImageObject","inLanguage":"es","@id":"https:\/\/secure.gravatar.com\/avatar\/77cc5de580d8805fccbd8e8c79eaf44ace984071f20607d78e09223edbcb3e5f?s=96&d=mm&r=g","url":"https:\/\/secure.gravatar.com\/avatar\/77cc5de580d8805fccbd8e8c79eaf44ace984071f20607d78e09223edbcb3e5f?s=96&d=mm&r=g","contentUrl":"https:\/\/secure.gravatar.com\/avatar\/77cc5de580d8805fccbd8e8c79eaf44ace984071f20607d78e09223edbcb3e5f?s=96&d=mm&r=g","caption":"Kevin"},"url":"https:\/\/aladeriva.bluezone.mx\/index.php\/author\/kevin\/"}]}},"jetpack_publicize_connections":[],"jetpack_featured_media_url":"","jetpack_sharing_enabled":true,"_links":{"self":[{"href":"https:\/\/aladeriva.bluezone.mx\/index.php\/wp-json\/wp\/v2\/posts\/319","targetHints":{"allow":["GET"]}}],"collection":[{"href":"https:\/\/aladeriva.bluezone.mx\/index.php\/wp-json\/wp\/v2\/posts"}],"about":[{"href":"https:\/\/aladeriva.bluezone.mx\/index.php\/wp-json\/wp\/v2\/types\/post"}],"author":[{"embeddable":true,"href":"https:\/\/aladeriva.bluezone.mx\/index.php\/wp-json\/wp\/v2\/users\/2"}],"replies":[{"embeddable":true,"href":"https:\/\/aladeriva.bluezone.mx\/index.php\/wp-json\/wp\/v2\/comments?post=319"}],"version-history":[{"count":0,"href":"https:\/\/aladeriva.bluezone.mx\/index.php\/wp-json\/wp\/v2\/posts\/319\/revisions"}],"wp:attachment":[{"href":"https:\/\/aladeriva.bluezone.mx\/index.php\/wp-json\/wp\/v2\/media?parent=319"}],"wp:term":[{"taxonomy":"category","embeddable":true,"href":"https:\/\/aladeriva.bluezone.mx\/index.php\/wp-json\/wp\/v2\/categories?post=319"},{"taxonomy":"post_tag","embeddable":true,"href":"https:\/\/aladeriva.bluezone.mx\/index.php\/wp-json\/wp\/v2\/tags?post=319"}],"curies":[{"name":"wp","href":"https:\/\/api.w.org\/{rel}","templated":true}]}}